{"id":3014,"date":"2026-03-24T09:27:29","date_gmt":"2026-03-24T12:27:29","guid":{"rendered":"https:\/\/www.encontrabelavista.com.br\/sobre\/casa-bradesco-recebe-exposicao-imersiva-de-es-devlin-que-une-arte-tecnologia-e-reflexao-em-sp\/"},"modified":"2026-03-24T09:27:29","modified_gmt":"2026-03-24T12:27:29","slug":"casa-bradesco-recebe-exposicao-imersiva-de-es-devlin-que-une-arte-tecnologia-e-reflexao-em-sp","status":"publish","type":"post","link":"https:\/\/www.encontrabelavista.com.br\/sobre\/casa-bradesco-recebe-exposicao-imersiva-de-es-devlin-que-une-arte-tecnologia-e-reflexao-em-sp\/","title":{"rendered":"Casa Bradesco recebe exposi\u00e7\u00e3o imersiva de Es Devlin que une arte, tecnologia e reflex\u00e3o em SP"},"content":{"rendered":"<div class=\"66f7afe30d5ab11a5499ffbde64f8398\" data-index=\"1\" style=\"float: none; margin:0px;\">\n<!-- Anuncio display - global -->\r\n<ins class=\"adsbygoogle\"\r\n     style=\"display:block\"\r\n     data-ad-client=\"ca-pub-8585364105181520\"\r\n     data-ad-slot=\"8789329856\"\r\n     data-ad-format=\"auto\"\r\n     data-full-width-responsive=\"true\"><\/ins>\r\n<script>\r\n     (adsbygoogle = window.adsbygoogle || []).push({});\r\n<\/script>\r\n\n<\/div>\n<h2>A Artista Es Devlin e seu Legado<\/h2>\n<p>Es Devlin \u00e9 uma renomada artista e designer brit\u00e2nica, reconhecida mundialmente por seu trabalho inovador em cen\u00e1rios para grandes nomes da m\u00fasica, como Beyonc\u00e9 e Lady Gaga. Sua habilidade para mesclar arte e tecnologia no palco a tornou uma figura central no universo da performance e instala\u00e7\u00f5es art\u00edsticas. <strong>Devlin<\/strong> n\u00e3o se limita a cen\u00e1rios, ela \u00e9 uma criadora que transforma o p\u00fablico em parte do espet\u00e1culo, utilizando espa\u00e7os tridimensionais que desafiam a percep\u00e7\u00e3o tradicional da arte.<\/p>\n<h2>Instala\u00e7\u00f5es Interativas na Casa Bradesco<\/h2>\n<p>Desde o dia 15 de mar\u00e7o de 2026, a <strong>Casa Bradesco<\/strong> em S\u00e3o Paulo abriga a exposi\u00e7\u00e3o intitulado <strong>\u201cSou o Outro do Outro\u201d<\/strong>, que apresenta seis instala\u00e7\u00f5es imersivas feitas por Es Devlin. Cada instala\u00e7\u00e3o foi cuidadosamente elaborada para criar uma experi\u00eancia sensorial e interativa, permitindo que os visitantes n\u00e3o apenas observem, mas tamb\u00e9m interajam com as obras. Dividida em se\u00e7\u00f5es como <strong>Mirror Maze<\/strong> e <strong>Infinite Library<\/strong>, a mostra representa um novo passo na forma como a arte \u00e9 exibida e vivida.<\/p>\n<h2>Explorando o Conceito de Identidade<\/h2>\n<p>Atrav\u00e9s de sua express\u00e3o art\u00edstica, Es Devlin provoca reflex\u00f5es profundas sobre identidade e individualidade. Ao convidar o p\u00fablico a interagir com as instala\u00e7\u00f5es, a artista questiona o que significa ser parte de um coletivo e como a identidade \u00e9 formada pelas percep\u00e7\u00f5es dos outros. Este aspecto filos\u00f3fico \u00e9 um dos pilares da exposi\u00e7\u00e3o, onde cada visitante desempenha um papel ativo na interpreta\u00e7\u00e3o da obra e na constru\u00e7\u00e3o do significado coletivo.<\/p>\n<p><img decoding=\"async\" src=\"https:\/\/www.encontrabelavista.com.br\/sobre\/wp-content\/uploads\/casa-bradesco-recebe-exposicao-imersiva-de-es-devlin-que-une-arte-tecnologia-e-reflexao-em-sp.webp\" alt=\"exposi\u00e7\u00e3o imersiva\" loading=\"lazy\" \/><\/p>\n<h2>A Import\u00e2ncia do Coletivo na Arte<\/h2>\n<p>Um dos conceitos centrais da mostra \u00e9 o reconhecimento do coletivo como uma for\u00e7a criativa. Ao transformar o espa\u00e7o expositivo em uma \u201csociedade tempor\u00e1ria\u201d, Es Devlin enfatiza que a arte n\u00e3o \u00e9 uma experi\u00eancia isolada. Em vez disso, a presen\u00e7a de cada visitante contribui para o entendimento e a aprecia\u00e7\u00e3o da obra. Esse di\u00e1logo entre os presentes \u00e9 essencial para a mensagem que a artista deseja transmitir, revelando que a percep\u00e7\u00e3o de um indiv\u00edduo sempre ser\u00e1 influenciada pelas intera\u00e7\u00f5es com os demais.<\/p>\n<h2>Experi\u00eancia Sensorial e Participativa<\/h2>\n<p>A experi\u00eancia na exposi\u00e7\u00e3o <strong>\u201cSou o Outro do Outro\u201d<\/strong> \u00e9 desenhada para engajar todos os sentidos. Com o uso de sons, luzes e intera\u00e7\u00f5es t\u00e1teis, os visitantes mergulham em um ambiente que desafia a forma tradicional de observar arte. As instala\u00e7\u00f5es n\u00e3o s\u00e3o meras obras de arte, mas sim convites a uma jornada sensorial onde o p\u00fablico \u00e9 chamado a se mover e a experimentar a arte de forma ativa. Essa abordagem inovadora reafirma a posi\u00e7\u00e3o de S\u00e3o Paulo como um importante polo da arte contempor\u00e2nea no cen\u00e1rio internacional.<\/p>\n<h2>Eventos Culturais em S\u00e3o Paulo<\/h2>\n<p>A cidade de S\u00e3o Paulo \u00e9 um vibrante centro cultural e art\u00edstico, oferecendo uma variedade de eventos e exposi\u00e7\u00f5es que atraem tanto locais quanto turistas. A atua\u00e7\u00e3o de Es Devlin na Casa Bradesco se insere nesse contexto, contribuindo para um cen\u00e1rio art\u00edstico din\u00e2mico e envolvente. A cidade \u00e9 conhecida por seu comprometimento com a promo\u00e7\u00e3o da arte e da cultura, apresentando uma lista incessante de atividades que v\u00e3o desde exposi\u00e7\u00f5es de arte at\u00e9 performances ao vivo.<\/p>\n<h2>Reflex\u00f5es sobre Rela\u00e7\u00f5es Humanas<\/h2>\n<p>Al\u00e9m das quest\u00f5es de identidade, a exposi\u00e7\u00e3o de Es Devlin tamb\u00e9m provoca um exame das rela\u00e7\u00f5es humanas em um mundo cada vez mais digital e isolante. Ao enfatizar a interatividade e a participa\u00e7\u00e3o, a artistadestaca a import\u00e2ncia da conex\u00e3o humana em um espa\u00e7o onde cada presen\u00e7a altera a experi\u00eancia coletiva. Atrav\u00e9s de suas instala\u00e7\u00f5es, Devlin convida os visitantes a considerar como suas intera\u00e7\u00f5es moldam n\u00e3o apenas suas pr\u00f3prias identidades, mas tamb\u00e9m a cultura em que est\u00e3o inseridos.<\/p>\n<h2>Acesso \u00e0 Exposi\u00e7\u00e3o e Valores de Ingressos<\/h2>\n<p>Os ingressos para a exposi\u00e7\u00e3o <strong>\u201cSou o Outro do Outro\u201d<\/strong> podem ser adquiridos no site oficial, e a entrada \u00e9 gratuita \u00e0s ter\u00e7as-feiras, permitindo que um maior p\u00fablico tenha acesso a essa experi\u00eancia \u00fanica. A acessibilidade do local para cadeirantes \u00e9 um ponto destacado, garantindo que todos possam aproveitar o que h\u00e1 de melhor na arte contempor\u00e2nea.<\/p>\n<h2>Datas e Hor\u00e1rios da Mostra<\/h2>\n<p>A exposi\u00e7\u00e3o estar\u00e1 dispon\u00edvel para visita\u00e7\u00e3o de 15 de mar\u00e7o a 27 de junho de 2026. O hor\u00e1rio de funcionamento \u00e9 de ter\u00e7a a domingo, das 12h \u00e0s 20h. Este cronograma oferece diversas oportunidades para que os visitantes explorem as instala\u00e7\u00f5es e se deixem envolver pela proposta art\u00edstica de Es Devlin.<\/p>\n<h2>Impacto da Exposi\u00e7\u00e3o na Cena Art\u00edstica<\/h2>\n<p>O lan\u00e7amento da exposi\u00e7\u00e3o <strong>\u201cSou o Outro do Outro\u201d<\/strong> marca um momento significativo na cena art\u00edstica de S\u00e3o Paulo. Ao trazer uma artista de renome internacional como Es Devlin, o evento reafirma o compromisso da cidade com a promo\u00e7\u00e3o da arte contempor\u00e2nea. Essa mostra chama a aten\u00e7\u00e3o para a relev\u00e2ncia das intera\u00e7\u00f5es art\u00edsticas, enfatizando a import\u00e2ncia de experi\u00eancias que mobilizam o p\u00fablico e criam um di\u00e1logo entre obras e visitantes. Atrav\u00e9s dessa abordagem, a exposi\u00e7\u00e3o promete n\u00e3o apenas entreter, mas tamb\u00e9m provocar uma reflex\u00e3o significativa sobre como nos relacionamos com a arte e entre n\u00f3s mesmos.<\/p>\n\n<div style=\"font-size: 0px; height: 0px; line-height: 0px; margin: 0; padding: 0; clear: both;\"><\/div>","protected":false},"excerpt":{"rendered":"<p>Exposi\u00e7\u00e3o &#8216;Sou o Outro do Outro&#8217; encanta e provoca reflex\u00f5es sobre identidade.<\/p>\n","protected":false},"author":1,"featured_media":3013,"comment_status":"open","ping_status":"closed","sticky":false,"template":"","format":"standard","meta":{"footnotes":""},"categories":[6],"tags":[],"class_list":["post-3014","post","type-post","status-publish","format-standard","has-post-thumbnail","hentry","category-noticias-na-bela-vista","has_thumb"],"aioseo_notices":[],"_links":{"self":[{"href":"https:\/\/www.encontrabelavista.com.br\/sobre\/wp-json\/wp\/v2\/posts\/3014","targetHints":{"allow":["GET"]}}],"collection":[{"href":"https:\/\/www.encontrabelavista.com.br\/sobre\/wp-json\/wp\/v2\/posts"}],"about":[{"href":"https:\/\/www.encontrabelavista.com.br\/sobre\/wp-json\/wp\/v2\/types\/post"}],"author":[{"embeddable":true,"href":"https:\/\/www.encontrabelavista.com.br\/sobre\/wp-json\/wp\/v2\/users\/1"}],"replies":[{"embeddable":true,"href":"https:\/\/www.encontrabelavista.com.br\/sobre\/wp-json\/wp\/v2\/comments?post=3014"}],"version-history":[{"count":0,"href":"https:\/\/www.encontrabelavista.com.br\/sobre\/wp-json\/wp\/v2\/posts\/3014\/revisions"}],"wp:featuredmedia":[{"embeddable":true,"href":"https:\/\/www.encontrabelavista.com.br\/sobre\/wp-json\/wp\/v2\/media\/3013"}],"wp:attachment":[{"href":"https:\/\/www.encontrabelavista.com.br\/sobre\/wp-json\/wp\/v2\/media?parent=3014"}],"wp:term":[{"taxonomy":"category","embeddable":true,"href":"https:\/\/www.encontrabelavista.com.br\/sobre\/wp-json\/wp\/v2\/categories?post=3014"},{"taxonomy":"post_tag","embeddable":true,"href":"https:\/\/www.encontrabelavista.com.br\/sobre\/wp-json\/wp\/v2\/tags?post=3014"}],"curies":[{"name":"wp","href":"https:\/\/api.w.org\/{rel}","templated":true}]}}