{"id":3080,"date":"2026-04-05T09:30:02","date_gmt":"2026-04-05T12:30:02","guid":{"rendered":"https:\/\/www.encontrabelavista.com.br\/sobre\/exposicao-no-itau-cultural-sobre-legado-de-mestre-didi-destacasua-atuacao-artistica-religiosa-e-como-pesquisador\/"},"modified":"2026-04-05T09:30:02","modified_gmt":"2026-04-05T12:30:02","slug":"exposicao-no-itau-cultural-sobre-legado-de-mestre-didi-destacasua-atuacao-artistica-religiosa-e-como-pesquisador","status":"publish","type":"post","link":"https:\/\/www.encontrabelavista.com.br\/sobre\/exposicao-no-itau-cultural-sobre-legado-de-mestre-didi-destacasua-atuacao-artistica-religiosa-e-como-pesquisador\/","title":{"rendered":"Exposi\u00e7\u00e3o no Ita\u00fa Cultural sobre legado de Mestre Didi destacasua atua\u00e7\u00e3o art\u00edstica, religiosa e como pesquisador"},"content":{"rendered":"<div class=\"66f7afe30d5ab11a5499ffbde64f8398\" data-index=\"1\" style=\"float: none; margin:0px;\">\n<!-- Anuncio display - global -->\r\n<ins class=\"adsbygoogle\"\r\n     style=\"display:block\"\r\n     data-ad-client=\"ca-pub-8585364105181520\"\r\n     data-ad-slot=\"8789329856\"\r\n     data-ad-format=\"auto\"\r\n     data-full-width-responsive=\"true\"><\/ins>\r\n<script>\r\n     (adsbygoogle = window.adsbygoogle || []).push({});\r\n<\/script>\r\n\n<\/div>\n<h2>O Que Esperar da Exposi\u00e7\u00e3o de Mestre Didi<\/h2>\n<p>De 7 de abril a 5 de julho de 2026, o <strong>Ita\u00fa Cultural<\/strong> ser\u00e1 o palco de uma experi\u00eancia cultural rica e significativa com a exposi\u00e7\u00e3o <strong>\u2018Mestre Didi \u2013 inven\u00e7\u00e3o e ancestralidade na arte afro-brasileira\u2019<\/strong>. Esta mostra extraordin\u00e1ria \u00e9 uma celebra\u00e7\u00e3o do renomado artista e sacerdote baiano, Mestre Didi, conhecido por sua habilidade excepcional em transformar elementos naturais em obras sagradas contempor\u00e2neas. Com entrada gratuita e localizada na ic\u00f4nica <strong>Avenida Paulista<\/strong>, a exposi\u00e7\u00e3o ocupar\u00e1 tr\u00eas andares do espa\u00e7o cultural, trazendo ao p\u00fablico uma oportunidade \u00fanica de apreciar a arte afro-brasileira.<\/p>\n<h2>A Import\u00e2ncia de Mestre Didi na Arte Brasileira<\/h2>\n<p>Mestre Didi \u00e9 um destacado representante da cultura afro-brasileira, cuja obra reflete a riqueza e a diversidade das tradi\u00e7\u00f5es africanas. Suas cria\u00e7\u00f5es s\u00e3o mais do que simples objetos de arte; s\u00e3o manifesta\u00e7\u00f5es do patrim\u00f4nio cultural que unem passado e presente. A import\u00e2ncia de Didi na arte brasileira reside na sua capacidade de resgatar e reinterpretar a est\u00e9tica africana, fazendo dela um canal de di\u00e1logo entre diferentes gera\u00e7\u00f5es e culturas, impactando tanto o meio art\u00edstico quanto a sociedade em geral.<\/p>\n<h2>Compreendendo o Legado Cultural de Mestre Didi<\/h2>\n<p>O legado de Mestre Didi \u00e9 amplo e profundo. Atrav\u00e9s de suas esculturas, que utilizam materiais como b\u00fazios e folhas de dendezeiro, ele n\u00e3o apenas preserva pr\u00e1ticas ancestrais, mas tamb\u00e9m reinventa a arte contempor\u00e2nea. Sua obra gira em torno de temas como espiritualidade, ancestralidade e a conex\u00e3o com a natureza, constituindo um testemunho vivo de sua heran\u00e7a. Com essa exposi\u00e7\u00e3o, o Ita\u00fa Cultural busca proporcionar ao p\u00fablico uma imers\u00e3o nesse universo, estimulando a reflex\u00e3o sobre a identidade cultural brasileira e suas ra\u00edzes africanas.<\/p>\n<p><img decoding=\"async\" src=\"https:\/\/www.encontrabelavista.com.br\/sobre\/wp-content\/uploads\/exposicao-no-itau-cultural-sobre-legado-de-mestre-didi-destacasua-atuacao-artistica-religiosa-e-como.webp\" alt=\"Exposi\u00e7\u00e3o Mestre Didi\" loading=\"lazy\" \/><\/p>\n<h2>A Curadoria e Seu Papel na Exposi\u00e7\u00e3o<\/h2>\n<p>A curadoria da exposi\u00e7\u00e3o \u00e9 conduzida por <strong>Ayrson Her\u00e1clito<\/strong> e <strong>Rodrigo Moura<\/strong>, duas figuras proeminentes na promo\u00e7\u00e3o da arte e cultura afro-brasileira. Eles estruturaram a mostra em diferentes ilhas conceituais, permitindo um di\u00e1logo visual entre as obras de Didi e de outros artistas, como <strong>Abdias Nascimento<\/strong> e <strong>Rubem Valentim<\/strong>. Essa abordagem curatorial n\u00e3o apenas destaca a relev\u00e2ncia do trabalho de Didi no contexto das artes, mas tamb\u00e9m estabelece conex\u00f5es importantes com a nova gera\u00e7\u00e3o de artistas que seguem seu legado.<\/p>\n<h2>Obras de Destaque na Exposi\u00e7\u00e3o do Ita\u00fa Cultural<\/h2>\n<p>Entre as 170 pe\u00e7as em exibi\u00e7\u00e3o, destacam-se 50 esculturas originais que exemplificam a mestria de Mestre Didi na manipula\u00e7\u00e3o de materiais diversos. Cada obra carrega um significado especial e \u00e9 uma parte essencial de sua narrativa art\u00edstica. O p\u00fablico poder\u00e1 observar n\u00e3o apenas a t\u00e9cnica e a est\u00e9tica, mas tamb\u00e9m a profundidade espiritual que permeia cada pe\u00e7a, fazendo da visita uma experi\u00eancia enriquecedora e transformadora.<\/p>\n<h2>A Rela\u00e7\u00e3o de Mestre Didi com a Espiritualidade<\/h2>\n<p>A obra de Mestre Didi \u00e9 intrinsicamente ligada \u00e0 sua pr\u00e1tica espiritual. Como sacerdote, ele incorpora elementos de culto e religi\u00e3o em suas cria\u00e7\u00f5es, fazendo com que cada escultura seja considerada uma entidade viva com suas pr\u00f3prias hist\u00f3rias e significados. Esta conex\u00e3o entre arte e espiritualidade n\u00e3o s\u00f3 enriquece a experi\u00eancia do espectador, mas tamb\u00e9m proporciona um espa\u00e7o para reflex\u00e3o sobre a import\u00e2ncia da espiritualidade nas tradi\u00e7\u00f5es afro-brasileiras.<\/p>\n<h2>Datas e Informa\u00e7\u00f5es Pr\u00e1ticas da Exposi\u00e7\u00e3o<\/h2>\n<p>Para aqueles que desejam visitar a exposi\u00e7\u00e3o, ela ficar\u00e1 aberta de <strong>07\/04\/2026 a 05\/07\/2026<\/strong>. O funcionamento ser\u00e1 de ter\u00e7a a s\u00e1bado, das 11h \u00e0s 20h, e aos domingos e feriados, das 11h \u00e0s 19h. A entrada \u00e9 totalmente gratuita, o que torna essa oportunidade ainda mais acess\u00edvel ao p\u00fablico em geral. Essa \u00e9 uma chance para que todos possam se conectar com a cultura afro-brasileira de maneira significativa.<\/p>\n<h2>Acessibilidade e Inclus\u00e3o na Exposi\u00e7\u00e3o<\/h2>\n<p>O <strong>Ita\u00fa Cultural<\/strong> se preocupa em garantir que a exposi\u00e7\u00e3o seja acess\u00edvel a todos. O espa\u00e7o conta com adapta\u00e7\u00f5es para cadeirantes, \u00e1udio descri\u00e7\u00e3o para pessoas com defici\u00eancia visual e int\u00e9rpretes de Libras. Essas medidas visam incluir todas as pessoas, promovendo uma experi\u00eancia mais democr\u00e1tica e rica para cada visitante.<\/p>\n<h2>Eventos Especiais Durante a Exposi\u00e7\u00e3o<\/h2>\n<p>Para marcar a inaugura\u00e7\u00e3o da exposi\u00e7\u00e3o, no dia 7 de abril, \u00e0s 19h, acontecer\u00e1 a performance ritual\u00edstica <strong>Oro Oj\u00e9s<\/strong>, conduzida por sacerdotes do terreiro <strong>Il\u00ea Asip\u00e1<\/strong>, fundado por Didi. Este evento \u00e9 uma oportunidade \u00fanica para vivenciar a espiritualidade afro-brasileira em sua forma mais pura e aut\u00eantica, complementando a experi\u00eancia visual oferecida pelas obras expostas.<\/p>\n<h2>Como Chegar ao Ita\u00fa Cultural<\/h2>\n<p>O <strong>Ita\u00fa Cultural<\/strong> est\u00e1 situado na <strong>Avenida Paulista, 149 &#8211; Bela Vista, S\u00e3o Paulo &#8211; SP, Brasil<\/strong>, uma localiza\u00e7\u00e3o de f\u00e1cil acesso, tanto por transporte p\u00fablico quanto por ve\u00edculos particulares. Para aqueles que utilizam transporte p\u00fablico, diversas linhas de \u00f4nibus e o metr\u00f4 de S\u00e3o Paulo servem a regi\u00e3o, facilitando a chegada ao espa\u00e7o cultural e garantindo que todos possam aproveitar essa experi\u00eancia enriquecedora.<\/p>\n\n<div style=\"font-size: 0px; height: 0px; line-height: 0px; margin: 0; padding: 0; clear: both;\"><\/div>","protected":false},"excerpt":{"rendered":"<p>A Exposi\u00e7\u00e3o de Mestre Didi resgata sua arte e espiritualidade de maneira impressionante.<\/p>\n","protected":false},"author":1,"featured_media":3079,"comment_status":"open","ping_status":"closed","sticky":false,"template":"","format":"standard","meta":{"footnotes":""},"categories":[6],"tags":[],"class_list":["post-3080","post","type-post","status-publish","format-standard","has-post-thumbnail","hentry","category-noticias-na-bela-vista","has_thumb"],"aioseo_notices":[],"_links":{"self":[{"href":"https:\/\/www.encontrabelavista.com.br\/sobre\/wp-json\/wp\/v2\/posts\/3080","targetHints":{"allow":["GET"]}}],"collection":[{"href":"https:\/\/www.encontrabelavista.com.br\/sobre\/wp-json\/wp\/v2\/posts"}],"about":[{"href":"https:\/\/www.encontrabelavista.com.br\/sobre\/wp-json\/wp\/v2\/types\/post"}],"author":[{"embeddable":true,"href":"https:\/\/www.encontrabelavista.com.br\/sobre\/wp-json\/wp\/v2\/users\/1"}],"replies":[{"embeddable":true,"href":"https:\/\/www.encontrabelavista.com.br\/sobre\/wp-json\/wp\/v2\/comments?post=3080"}],"version-history":[{"count":0,"href":"https:\/\/www.encontrabelavista.com.br\/sobre\/wp-json\/wp\/v2\/posts\/3080\/revisions"}],"wp:featuredmedia":[{"embeddable":true,"href":"https:\/\/www.encontrabelavista.com.br\/sobre\/wp-json\/wp\/v2\/media\/3079"}],"wp:attachment":[{"href":"https:\/\/www.encontrabelavista.com.br\/sobre\/wp-json\/wp\/v2\/media?parent=3080"}],"wp:term":[{"taxonomy":"category","embeddable":true,"href":"https:\/\/www.encontrabelavista.com.br\/sobre\/wp-json\/wp\/v2\/categories?post=3080"},{"taxonomy":"post_tag","embeddable":true,"href":"https:\/\/www.encontrabelavista.com.br\/sobre\/wp-json\/wp\/v2\/tags?post=3080"}],"curies":[{"name":"wp","href":"https:\/\/api.w.org\/{rel}","templated":true}]}}