{"id":3082,"date":"2026-04-06T09:08:30","date_gmt":"2026-04-06T12:08:30","guid":{"rendered":"https:\/\/www.encontrabelavista.com.br\/sobre\/rua-paim-volta-a-ficar-sem-energia-em-sp-e-falha-na-rede-afeta-comerciantes\/"},"modified":"2026-04-06T09:08:30","modified_gmt":"2026-04-06T12:08:30","slug":"rua-paim-volta-a-ficar-sem-energia-em-sp-e-falha-na-rede-afeta-comerciantes","status":"publish","type":"post","link":"https:\/\/www.encontrabelavista.com.br\/sobre\/rua-paim-volta-a-ficar-sem-energia-em-sp-e-falha-na-rede-afeta-comerciantes\/","title":{"rendered":"Rua Paim volta a ficar sem energia em SP e falha na rede afeta comerciantes"},"content":{"rendered":"<div class=\"66f7afe30d5ab11a5499ffbde64f8398\" data-index=\"1\" style=\"float: none; margin:0px;\">\n<!-- Anuncio display - global -->\r\n<ins class=\"adsbygoogle\"\r\n     style=\"display:block\"\r\n     data-ad-client=\"ca-pub-8585364105181520\"\r\n     data-ad-slot=\"8789329856\"\r\n     data-ad-format=\"auto\"\r\n     data-full-width-responsive=\"true\"><\/ins>\r\n<script>\r\n     (adsbygoogle = window.adsbygoogle || []).push({});\r\n<\/script>\r\n\n<\/div>\n<h2>Falta de Energia e Seus Impactos no Com\u00e9rcio<\/h2>\n<p>A Rua Paim, situada no centro de S\u00e3o Paulo, passou por uma nova interrup\u00e7\u00e3o no fornecimento de energia el\u00e9trica na quarta-feira, dia 18. Esta situa\u00e7\u00e3o, que j\u00e1 se tornou comum na regi\u00e3o, trouxe s\u00e9rias implica\u00e7\u00f5es para os comerciantes locais. A falta de energia n\u00e3o s\u00f3 prejudica as opera\u00e7\u00f5es di\u00e1rias, mas tamb\u00e9m afeta a rela\u00e7\u00e3o entre comerciantes e seus clientes, resultando em perdas financeiras significativas.<\/p>\n<h2>O Que Causou o Apag\u00e3o na Rua Paim?<\/h2>\n<p>O apag\u00e3o foi causado por problemas na rede el\u00e9trica subterr\u00e2nea da Enel, a concession\u00e1ria respons\u00e1vel pelo fornecimento de energia. O fato de a rede ser subterr\u00e2nea torna mais dif\u00edcil a identifica\u00e7\u00e3o e resolu\u00e7\u00e3o de falhas, complicando consideravelmente o trabalho das equipes de manuten\u00e7\u00e3o. Essa situa\u00e7\u00e3o ocorre em um contexto onde h\u00e1 uma discuss\u00e3o sobre a renova\u00e7\u00e3o ou poss\u00edvel caducidade do contrato da Enel.<\/p>\n<h2>Como os Comerciantes Est\u00e3o Lidando com a Situa\u00e7\u00e3o<\/h2>\n<p>Os comerciantes da Rua Paim t\u00eam enfrentado desafios renovados a cada apag\u00e3o. Alguns deles s\u00e3o for\u00e7ados a buscar solu\u00e7\u00f5es alternativas, como geradores, para atender seus clientes. No entanto, essa n\u00e3o \u00e9 uma solu\u00e7\u00e3o vi\u00e1vel a longo prazo, especialmente para pequenos empres\u00e1rios que j\u00e1 trabalham com margens de lucro reduzidas. O impacto financeiro \u00e9 palp\u00e1vel, com muitos relatos de perdas de mercadorias e de clientela.<\/p>\n<p><img decoding=\"async\" src=\"https:\/\/www.encontrabelavista.com.br\/sobre\/wp-content\/uploads\/rua-paim-volta-a-ficar-sem-energia-em-sp-e-falha-na-rede-afeta-comerciantes.webp\" alt=\"falta de energia\" loading=\"lazy\" \/><\/p>\n<h2>Depoimentos de Comerciantes sobre a Falta de Luz<\/h2>\n<p>Um barbeiro, Matheus Aparecido, contou sobre sua experi\u00eancia ao atender um cliente no escuro: &#8220;Fiquei obrigado a finalizar o atendimento na cal\u00e7ada devido \u00e0 falta de energia. Isso n\u00e3o \u00e9 apenas inconveniente, \u00e9 devastador para os neg\u00f3cios.&#8221; Ele comentou que j\u00e1 havia enfrentado apag\u00f5es anteriormente e acredita que isso afeta sua reputa\u00e7\u00e3o entre os clientes.  Outro comerciante, Jos\u00e9 Oliveira, mencionou que s\u00f3 conseguiu manter os produtos na geladeira gra\u00e7as a gelo comprado, mas alertou que essa solu\u00e7\u00e3o n\u00e3o \u00e9 sustent\u00e1vel: &#8220;Estou apenas adiando o problema, pois se continuar assim, vou perder minha mercadoria novamente.&#8221;<\/p>\n<h2>A Rea\u00e7\u00e3o dos Moradores com os Apag\u00f5es<\/h2>\n<p>A comunidade local tamb\u00e9m se sente frustrada com a falta de energia frequente. Os moradores expressam indigna\u00e7\u00e3o nas redes sociais e nos meios de comunica\u00e7\u00e3o. Eles relatam que a situa\u00e7\u00e3o afeta n\u00e3o somente o com\u00e9rcio, mas tamb\u00e9m a qualidade de vida, especialmente durante per\u00edodos de calor. As interrup\u00e7\u00f5es t\u00eam gerado um sentimento de inseguran\u00e7a, onde muitos moradores se questionam sobre a confiabilidade da infraestrutura de energia.<\/p>\n<h2>Interven\u00e7\u00f5es Previstas para Melhorar a Infraestrutura<\/h2>\n<p>Com a press\u00e3o crescente da popula\u00e7\u00e3o e dos comerciantes, h\u00e1 propostas para que a Enel realize interven\u00e7\u00f5es mais significativas no sistema el\u00e9trico da regi\u00e3o. Especialistas sugerem que melhorias na manuten\u00e7\u00e3o preventiva e investimentos em tecnologia para identifica\u00e7\u00e3o de falhas possam ser as solu\u00e7\u00f5es mais adequadas. Al\u00e9m disso, a instala\u00e7\u00e3o de um sistema de monitoramento mais eficaz poderia evitar a recorr\u00eancia desses apag\u00f5es.<\/p>\n<h2>Discuss\u00f5es sobre Renova\u00e7\u00e3o do Contrato de Energia<\/h2>\n<p>Enquanto a situa\u00e7\u00e3o continua complicada, as discuss\u00f5es sobre a renova\u00e7\u00e3o do contrato da Enel ganham for\u00e7a. A justi\u00e7a federal foi acionada pela empresa para suspender o julgamento que poderia determinar a caducidade do contrato devido a queixas sobre a efici\u00eancia do servi\u00e7o. Essa controv\u00e9rsia poderia impactar diretamente a qualidade do fornecimento de energia.<\/p>\n<h2>Como a Falta de Energia Afeta o Dia a Dia dos Clientes<\/h2>\n<p>A depend\u00eancia de energia el\u00e9trica na vida cotidiana \u00e9 indiscut\u00edvel. Sem eletricidade, atividades simples como preparar alimentos, trabalhar em casa ou at\u00e9 mesmo descansar nos momentos de lazer se tornam complicados. Os impactos s\u00e3o profundos: dificuldades no trabalho remoto e at\u00e9 problemas de sa\u00fade podem surgir devido \u00e0 falta de ventila\u00e7\u00e3o e refrigera\u00e7\u00e3o adequadas em dias quentes.<\/p>\n<h2>Testemunhos de Clientes Afetados pela Falta de Luz<\/h2>\n<p>Os relatos de clientes s\u00e3o variados. Alguns expressam cansa\u00e7o devido \u00e0s constantes interrup\u00e7\u00f5es, enquanto outros expressam preocupa\u00e7\u00e3o com a seguran\u00e7a de seus lares em situa\u00e7\u00f5es de apag\u00e3o. As pessoas t\u00eam se reunido em grupos para discutir como a administra\u00e7\u00e3o da energia e as respostas da Enel t\u00eam sido inadequadas. &#8220;\u00c9 inacredit\u00e1vel ter que passar por esse estresse toda vez que o tempo muda,&#8221; disse uma moradora.<\/p>\n<h2>Medidas que Podem Ser Tomadas para Evitar Novos Apag\u00f5es<\/h2>\n<p>\u00c9 evidente que a situa\u00e7\u00e3o precisa de melhorias urgentes. A implementa\u00e7\u00e3o de uma infraestrutura mais robusta, com investimentos em tecnologias inovadoras, pode ser a solu\u00e7\u00e3o. Al\u00e9m disso, um di\u00e1logo mais transparente e constante entre a popula\u00e7\u00e3o e a concession\u00e1ria ajudaria a mitigar os efeitos negativos da falta de energia, proporcionando respostas e solu\u00e7\u00f5es mais r\u00e1pidas em casos de emerg\u00eancia.<\/p>\n\n<div style=\"font-size: 0px; height: 0px; line-height: 0px; margin: 0; padding: 0; clear: both;\"><\/div>","protected":false},"excerpt":{"rendered":"<p>Rua Paim sofre nova falta de energia, impactando comerciantes e clientes.<\/p>\n","protected":false},"author":1,"featured_media":3081,"comment_status":"open","ping_status":"closed","sticky":false,"template":"","format":"standard","meta":{"footnotes":""},"categories":[6],"tags":[],"class_list":["post-3082","post","type-post","status-publish","format-standard","has-post-thumbnail","hentry","category-noticias-na-bela-vista","has_thumb"],"aioseo_notices":[],"_links":{"self":[{"href":"https:\/\/www.encontrabelavista.com.br\/sobre\/wp-json\/wp\/v2\/posts\/3082","targetHints":{"allow":["GET"]}}],"collection":[{"href":"https:\/\/www.encontrabelavista.com.br\/sobre\/wp-json\/wp\/v2\/posts"}],"about":[{"href":"https:\/\/www.encontrabelavista.com.br\/sobre\/wp-json\/wp\/v2\/types\/post"}],"author":[{"embeddable":true,"href":"https:\/\/www.encontrabelavista.com.br\/sobre\/wp-json\/wp\/v2\/users\/1"}],"replies":[{"embeddable":true,"href":"https:\/\/www.encontrabelavista.com.br\/sobre\/wp-json\/wp\/v2\/comments?post=3082"}],"version-history":[{"count":0,"href":"https:\/\/www.encontrabelavista.com.br\/sobre\/wp-json\/wp\/v2\/posts\/3082\/revisions"}],"wp:featuredmedia":[{"embeddable":true,"href":"https:\/\/www.encontrabelavista.com.br\/sobre\/wp-json\/wp\/v2\/media\/3081"}],"wp:attachment":[{"href":"https:\/\/www.encontrabelavista.com.br\/sobre\/wp-json\/wp\/v2\/media?parent=3082"}],"wp:term":[{"taxonomy":"category","embeddable":true,"href":"https:\/\/www.encontrabelavista.com.br\/sobre\/wp-json\/wp\/v2\/categories?post=3082"},{"taxonomy":"post_tag","embeddable":true,"href":"https:\/\/www.encontrabelavista.com.br\/sobre\/wp-json\/wp\/v2\/tags?post=3082"}],"curies":[{"name":"wp","href":"https:\/\/api.w.org\/{rel}","templated":true}]}}