{"id":3088,"date":"2026-04-08T09:15:33","date_gmt":"2026-04-08T12:15:33","guid":{"rendered":"https:\/\/www.encontrabelavista.com.br\/sobre\/magia-o-musical-entra-em-cartaz-no-ibt-em-sao-paulo-debatendo-desigualdade\/"},"modified":"2026-04-08T09:15:33","modified_gmt":"2026-04-08T12:15:33","slug":"magia-o-musical-entra-em-cartaz-no-ibt-em-sao-paulo-debatendo-desigualdade","status":"publish","type":"post","link":"https:\/\/www.encontrabelavista.com.br\/sobre\/magia-o-musical-entra-em-cartaz-no-ibt-em-sao-paulo-debatendo-desigualdade\/","title":{"rendered":"Magia, o Musical entra em cartaz no IBT em S\u00e3o Paulo debatendo desigualdade"},"content":{"rendered":"<div class=\"66f7afe30d5ab11a5499ffbde64f8398\" data-index=\"1\" style=\"float: none; margin:0px;\">\n<!-- Anuncio display - global -->\r\n<ins class=\"adsbygoogle\"\r\n     style=\"display:block\"\r\n     data-ad-client=\"ca-pub-8585364105181520\"\r\n     data-ad-slot=\"8789329856\"\r\n     data-ad-format=\"auto\"\r\n     data-full-width-responsive=\"true\"><\/ins>\r\n<script>\r\n     (adsbygoogle = window.adsbygoogle || []).push({});\r\n<\/script>\r\n\n<\/div>\n<h2>O Enredo e a Premissa do Musical<\/h2>\n<p>A narrativa de <strong>\u201cMagia, o Musical\u201d<\/strong> introduz uma ilha m\u00e1gica onde todos os desejos podem se concretizar, mas n\u00e3o sem consequ\u00eancias. A trama se desenrola entre duas ilhas, <strong>Tekoha<\/strong> e <strong>Deyo<\/strong>, onde a ess\u00eancia do desejo e o pre\u00e7o pago por ele s\u00e3o o foco central. Em Tekoha, ao atingir a maioridade aos 17 anos, os cidad\u00e3os recebem a oportunidade de realizar um desejo atrav\u00e9s de uma fonte m\u00e1gica, mas essa gratifica\u00e7\u00e3o tem um lado obscuro: para cada desejo atendido, h\u00e1 uma perda equivalente na outra ilha, Deyo.<\/p>\n<p>A protagonista Leilani, interpretada por <strong>Laura Castro<\/strong>, \u00e9 uma jovem determinada que embarca numa jornada para salvar seu pai, cruzando fronteiras e levando o espectador a refletir sobre pertencimento e as desigualdades existentes nas sociedades contempor\u00e2neas. Esta aventura n\u00e3o s\u00f3 revela as tens\u00f5es entre os personagens, mas tamb\u00e9m entre as pr\u00f3prias ilhas, oferecendo uma cr\u00edtica contundente \u00e0s estruturas sociais.<\/p>\n<h2>Uma An\u00e1lise das Tem\u00e1ticas Sociais<\/h2>\n<p>O espet\u00e1culo se destaca pela sua profunda an\u00e1lise das desigualdades sociais e da opress\u00e3o. A premissa de desejos realizados \u00e0 custa de algo em outro lugar lan\u00e7a luz sobre como as aspira\u00e7\u00f5es individuais podem ter amplificadas repercuss\u00f5es em contextos maiores. Atrav\u00e9s da jornada de Leilani, a obra prop\u00f5e questionamentos sobre o pre\u00e7o das realiza\u00e7\u00f5es pessoais e a moralidade das a\u00e7\u00f5es dos indiv\u00edduos dentro de um sistema que privilegia poucos em detrimento de muitos.<\/p>\n<p><img decoding=\"async\" src=\"https:\/\/www.encontrabelavista.com.br\/sobre\/wp-content\/uploads\/magia-o-musical-entra-em-cartaz-no-ibt-em-sao-paulo-debatendo-desigualdade.webp\" alt=\"desigualdade\" loading=\"lazy\" \/><\/p>\n<h2>A Import\u00e2ncia da M\u00fasica e Dan\u00e7a<\/h2>\n<p>Um dos pontos altos de <strong>\u201cMagia, o Musical\u201d<\/strong> \u00e9 sua trilha sonora vibrante, que mistura diversos estilos musicais, incluindo samba, rap e ritmos caribenhos. A m\u00fasica, apresentada ao vivo, n\u00e3o s\u00f3 enriquece a experi\u00eancia teatral, mas tamb\u00e9m serve como ve\u00edculo para transmitir emo\u00e7\u00f5es e aprofundar a narrativa. Cada can\u00e7\u00e3o \u00e9 estrategicamente posicionada para refletir os sentimentos dos personagens e os dilemas que enfrentam.<\/p>\n<h2>Elenco Talentoso e Suas Performances<\/h2>\n<p>O elenco \u00e9 composto por artistas talentosos que trazem vida e profundidade aos seus pap\u00e9is. A atua\u00e7\u00e3o de <strong>Laura Castro<\/strong> como Leilani \u00e9 especialmente marcante, carregando o peso emocional da hist\u00f3ria. O desempenho de cada ator \u00e9 fundamental para criar uma conex\u00e3o genu\u00edna com o p\u00fablico, envolvendo-o nas lutas e vit\u00f3rias dos personagens.<\/p>\n<h2>A Produ\u00e7\u00e3o Independente no Cen\u00e1rio Teatral<\/h2>\n<p>A superprodu\u00e7\u00e3o <strong>\u201cMagia, o Musical\u201d<\/strong> \u00e9 uma realiza\u00e7\u00e3o independente que surgiu em Nova York e agora brilha nos palcos brasileiros. Isso ressalta a import\u00e2ncia do financiamento coletivo, que mostrou que \u00e9 poss\u00edvel criar arte de qualidade fora dos moldes tradicionais. A hist\u00f3ria por tr\u00e1s da pe\u00e7a tamb\u00e9m \u00e9 uma reflex\u00e3o sobre a resili\u00eancia e a paix\u00e3o que movem os artistas teatrais, evidenciando o valor da arte independente no cen\u00e1rio cultural.<\/p>\n<h2>Impacto da Pe\u00e7a na Comunidade<\/h2>\n<p>Al\u00e9m de entreter, <strong>\u201cMagia, o Musical\u201d<\/strong> traz \u00e0 tona quest\u00f5es sociais relevantes, provocando o p\u00fablico a refletir sobre temas como desigualdade, opress\u00e3o e a luta por justi\u00e7a social. O di\u00e1logo gerado ap\u00f3s cada apresenta\u00e7\u00e3o \u00e9 um testemunho do impacto que o teatro pode ter na consci\u00eancia coletiva e na for\u00e7a que a arte tem para inspirar mudan\u00e7as.<\/p>\n<h2>A Hist\u00f3ria por Tr\u00e1s de &#8216;Magia&#8217;<\/h2>\n<p>A cria\u00e7\u00e3o de <strong>\u201cMagia, o Musical\u201d<\/strong> \u00e9 fruto de um trabalho colaborativo entre os autores <strong>Nathan Leit\u00e3o<\/strong> e <strong>Letitia Bullard<\/strong>, que uniram suas vis\u00f5es e bagagens culturais. A pe\u00e7a, que j\u00e1 percorreu universidades respeit\u00e1veis, agora ganha o palco do <strong>Centro Cultural IBT<\/strong> em S\u00e3o Paulo, expandindo sua mensagem e impactando novas audi\u00eancias. O enredo reflete suas experi\u00eancias e a import\u00e2ncia de contar hist\u00f3rias que representem diferentes vozes e realidades.<\/p>\n<h2>Ingressos e Informa\u00e7\u00f5es Log\u00edsticas<\/h2>\n<p>Os ingressos para <strong>\u201cMagia, o Musical\u201d<\/strong> podem ser adquiridos atrav\u00e9s do <strong>Sympla<\/strong>, com pre\u00e7os a partir de R$40. A temporada se estende at\u00e9 12 de maio, com sess\u00f5es \u00e0s ter\u00e7as e quartas, o que oferece v\u00e1rias oportunidades para o p\u00fablico assistir \u00e0 pe\u00e7a. Com uma capacidade limitada a 160 lugares, recomenda-se garantir ingressos o mais r\u00e1pido poss\u00edvel para n\u00e3o perder a chance de vivenciar essa experi\u00eancia \u00fanica.<\/p>\n<h2>Expectativas e Cr\u00edticas da Temporada<\/h2>\n<p>As expectativas em torno de <strong>\u201cMagia, o Musical\u201d<\/strong> s\u00e3o elevadas, n\u00e3o apenas pela originalidade do enredo, mas tamb\u00e9m pela relev\u00e2ncia das quest\u00f5es discutidas na pe\u00e7a. As cr\u00edticas at\u00e9 o momento t\u00eam sido positivas, destacando a intensidade das performances e a capacidade do espet\u00e1culo de mesclar entretenimento com uma mensagem potente. A recep\u00e7\u00e3o calorosa do p\u00fablico \u00e9 um indicativo do impacto cultural que a produ\u00e7\u00e3o est\u00e1 causando.<\/p>\n<h2>Reflex\u00f5es sobre Desigualdade e Direitos<\/h2>\n<p>A mais importante contribui\u00e7\u00e3o de <strong>\u201cMagia, o Musical\u201d<\/strong> para o p\u00fablico \u00e9 a oportunidade de refletir sobre as desigualdades persistentes em nossa sociedade. O design da pe\u00e7a e suas tem\u00e1ticas fazem com que o espectador se questione sobre suas pr\u00f3prias realidades e o que pode fazer a respeito. A arte \u00e9 um espelho que reflete as falhas de um sistema, e este musical \u00e9 um convite \u00e0 a\u00e7\u00e3o e \u00e0 empatia.<\/p>\n\n<div style=\"font-size: 0px; height: 0px; line-height: 0px; margin: 0; padding: 0; clear: both;\"><\/div>","protected":false},"excerpt":{"rendered":"<p>Magia, o Musical leva ao palco uma reflex\u00e3o poderosa sobre desigualdade social.<\/p>\n","protected":false},"author":1,"featured_media":3087,"comment_status":"open","ping_status":"closed","sticky":false,"template":"","format":"standard","meta":{"footnotes":""},"categories":[6],"tags":[],"class_list":["post-3088","post","type-post","status-publish","format-standard","has-post-thumbnail","hentry","category-noticias-na-bela-vista","has_thumb"],"aioseo_notices":[],"_links":{"self":[{"href":"https:\/\/www.encontrabelavista.com.br\/sobre\/wp-json\/wp\/v2\/posts\/3088","targetHints":{"allow":["GET"]}}],"collection":[{"href":"https:\/\/www.encontrabelavista.com.br\/sobre\/wp-json\/wp\/v2\/posts"}],"about":[{"href":"https:\/\/www.encontrabelavista.com.br\/sobre\/wp-json\/wp\/v2\/types\/post"}],"author":[{"embeddable":true,"href":"https:\/\/www.encontrabelavista.com.br\/sobre\/wp-json\/wp\/v2\/users\/1"}],"replies":[{"embeddable":true,"href":"https:\/\/www.encontrabelavista.com.br\/sobre\/wp-json\/wp\/v2\/comments?post=3088"}],"version-history":[{"count":0,"href":"https:\/\/www.encontrabelavista.com.br\/sobre\/wp-json\/wp\/v2\/posts\/3088\/revisions"}],"wp:featuredmedia":[{"embeddable":true,"href":"https:\/\/www.encontrabelavista.com.br\/sobre\/wp-json\/wp\/v2\/media\/3087"}],"wp:attachment":[{"href":"https:\/\/www.encontrabelavista.com.br\/sobre\/wp-json\/wp\/v2\/media?parent=3088"}],"wp:term":[{"taxonomy":"category","embeddable":true,"href":"https:\/\/www.encontrabelavista.com.br\/sobre\/wp-json\/wp\/v2\/categories?post=3088"},{"taxonomy":"post_tag","embeddable":true,"href":"https:\/\/www.encontrabelavista.com.br\/sobre\/wp-json\/wp\/v2\/tags?post=3088"}],"curies":[{"name":"wp","href":"https:\/\/api.w.org\/{rel}","templated":true}]}}