{"id":3140,"date":"2026-04-22T09:05:58","date_gmt":"2026-04-22T12:05:58","guid":{"rendered":"https:\/\/www.encontrabelavista.com.br\/sobre\/prefeitura-de-bauru-informa-sobre-o-funcionamento-de-servicos-no-feriado-de-tiradentes\/"},"modified":"2026-04-22T09:05:58","modified_gmt":"2026-04-22T12:05:58","slug":"prefeitura-de-bauru-informa-sobre-o-funcionamento-de-servicos-no-feriado-de-tiradentes","status":"publish","type":"post","link":"https:\/\/www.encontrabelavista.com.br\/sobre\/prefeitura-de-bauru-informa-sobre-o-funcionamento-de-servicos-no-feriado-de-tiradentes\/","title":{"rendered":"Prefeitura de Bauru informa sobre o funcionamento de servi\u00e7os no feriado de Tiradentes"},"content":{"rendered":"<div class=\"66f7afe30d5ab11a5499ffbde64f8398\" data-index=\"1\" style=\"float: none; margin:0px;\">\n<!-- Anuncio display - global -->\r\n<ins class=\"adsbygoogle\"\r\n     style=\"display:block\"\r\n     data-ad-client=\"ca-pub-8585364105181520\"\r\n     data-ad-slot=\"8789329856\"\r\n     data-ad-format=\"auto\"\r\n     data-full-width-responsive=\"true\"><\/ins>\r\n<script>\r\n     (adsbygoogle = window.adsbygoogle || []).push({});\r\n<\/script>\r\n\n<\/div>\n<h2>Hor\u00e1rios de Funcionamento da Prefeitura<\/h2>\n<p>Devido ao feriado de Tiradentes, que ocorrer\u00e1 na ter\u00e7a-feira (21), a Prefeitura de Bauru comunicou altera\u00e7\u00f5es em seu hor\u00e1rio de funcionamento. O expediente administrativo ser\u00e1 suspenso ao final do dia nesta sexta-feira (17), \u00e0s 18h, e ser\u00e1 retomado na quarta-feira (22), \u00e0s 8h. Assim, todos os servi\u00e7os municipais retornar\u00e3o \u00e0s atividades normais ap\u00f3s esse per\u00edodo de pausa.<\/p>\n<h2>Servi\u00e7os de Sa\u00fade Durante o Feriado<\/h2>\n<p>Os servi\u00e7os de sa\u00fade na cidade t\u00eam sua opera\u00e7\u00e3o ajustada em virtude do feriado. O Pronto Socorro Central (PSC), al\u00e9m do Servi\u00e7o de Atendimento M\u00f3vel de Urg\u00eancia (Samu), funcionar\u00e3o sem interrup\u00e7\u00f5es, garantindo atendimento \u00e0s emerg\u00eancias. Tamb\u00e9m estar\u00e3o dispon\u00edveis as quatro Unidades de Pronto Atendimento (UPAs) localizadas nos seguintes bairros:<\/p>\n<ul>\n<li>Bela Vista<\/li>\n<li>Mary Dota<\/li>\n<li>Ipiranga<\/li>\n<li>Geisel\/Redentor<\/li>\n<\/ul>\n<p>As Unidades B\u00e1sicas de Sa\u00fade (UBS) e as Unidades de Sa\u00fade da Fam\u00edlia (USF) atender\u00e3o normalmente at\u00e9 sexta-feira (17), seguindo seus hor\u00e1rios habituais. Esses servi\u00e7os voltar\u00e3o a operar na quarta-feira (22), \u00e0s 8h.<\/p>\n<p><img decoding=\"async\" src=\"https:\/\/www.encontrabelavista.com.br\/sobre\/wp-content\/uploads\/prefeitura-de-bauru-informa-sobre-o-funcionamento-de-servicos-no-feriado-de-tiradentes.webp\" alt=\"funcionamento de servi\u00e7os em Bauru no feriado de Tiradentes\" loading=\"lazy\" \/><\/p>\n<h2>Atendimentos do Conselho Tutelar<\/h2>\n<p>O Conselho Tutelar permanece em funcionamento no regime de plant\u00e3o durante todos os dias, incluindo feriados. Para qualquer necessidade de atendimento, a popula\u00e7\u00e3o pode contatar o Conselho pelo telefone (14) 98187-3487.<\/p>\n<h2>Funcionamento do DAE e Comunica\u00e7\u00e3o de Emerg\u00eancias<\/h2>\n<p>O Departamento de \u00c1gua e Esgoto (DAE) encerrar\u00e1 suas atividades administrativas nesta sexta-feira (17), \u00e0s 17h, e os servi\u00e7os retornar\u00e3o na quarta-feira (22), \u00e0s 8h. Para reportar situa\u00e7\u00f5es de emerg\u00eancia relacionadas a vazamentos de \u00e1gua ou esgoto, ou para solicitar o servi\u00e7o de caminh\u00e3o-pipa, a popula\u00e7\u00e3o deve entrar em contato com o Servi\u00e7o de Atendimento ao P\u00fablico atrav\u00e9s do n\u00famero 0800-771 0195 (dispon\u00edvel para chamadas de telefone fixo e celular) ou pelos n\u00fameros 3235-6140 e 3235-6179 (para chamadas feitas de celulares). O atendimento ocorre 24 horas, todos os dias, incluindo finais de semana e feriados, com equipes t\u00e9cnicas postas em esquema de plant\u00e3o para atender emerg\u00eancias.<\/p>\n<h2>Situa\u00e7\u00e3o das Feiras Livres<\/h2>\n<p>As feiras livres da cidade continuar\u00e3o a operar normalmente todos os dias, proporcionando \u00e0 popula\u00e7\u00e3o acesso a produtos frescos durante o feriado.<\/p>\n<h2>Hor\u00e1rios dos Parques Municipais<\/h2>\n<p>Os parques da municipalidade ter\u00e3o hor\u00e1rios espec\u00edficos durante o feriado:<\/p>\n<ul>\n<li><strong>Zool\u00f3gico:<\/strong> Funciona no s\u00e1bado, domingo e ter\u00e7a-feira das 8h \u00e0s 17h, enquanto na segunda-feira estar\u00e1 aberto das 8h \u00e0s 16h.<\/li>\n<li><strong>Jardim Bot\u00e2nico:<\/strong> Atende todos os dias das 8h \u00e0s 16h.<\/li>\n<li><strong>Horto Florestal:<\/strong> A \u00e1rea de lazer externa estar\u00e1 aberta todos os dias das 7h \u00e0s 17h. As trilhas internas podem ser utilizadas no s\u00e1bado, segunda-feira e ter\u00e7a-feira das 7h \u00e0s 11h, enquanto estar\u00e3o fechadas no domingo. O Centro de Educa\u00e7\u00e3o Ambiental encerrar\u00e1 seu atendimento na sexta-feira, voltando a funcionar na quarta-feira (22), \u00e0s 8h.<\/li>\n<li><strong>Bosque da Comunidade:<\/strong> Aberto todos os dias das 7h \u00e0s 17h30.<\/li>\n<\/ul>\n<h2>Continuidade dos Ecopontos<\/h2>\n<p>Os Ecopontos estar\u00e3o operando no seguinte calend\u00e1rio:<\/p>\n<ul>\n<li>S\u00e1bado e segunda-feira das 7h \u00e0s 19h<\/li>\n<li>Domingo e ter\u00e7a-feira das 8h \u00e0s 16h<\/li>\n<\/ul>\n<h2>Coleta Seletiva e Ecoverde<\/h2>\n<p>A coleta seletiva manter\u00e1 seu funcionamento normal no s\u00e1bado, segunda-feira e ter\u00e7a-feira. O Ecoverde funcionar\u00e1 da seguinte forma:<\/p>\n<ul>\n<li>S\u00e1bado: das 8h \u00e0s 12h<\/li>\n<li>Segunda e ter\u00e7a-feira: das 8h \u00e0s 12h e das 13h \u00e0s 16h<\/li>\n<li>Domingo: fechado<\/li>\n<\/ul>\n<h2>Funcionamento do Poupatempo<\/h2>\n<p>O Poupatempo ter\u00e1 os seguintes hor\u00e1rios durante o feriado: no s\u00e1bado, abrir\u00e1 das 9h \u00e0s 13h, permanecendo fechado no domingo. Na segunda-feira, funcionar\u00e1 das 9h \u00e0s 17h e n\u00e3o ter\u00e1 expediente na ter\u00e7a-feira, retornando na quarta-feira (22) \u00e0s 9h, com atendimento presencial mediante agendamento pr\u00e9vio, que pode ser realizado de forma gratuita atrav\u00e9s das plataformas eletr\u00f4nicas dispon\u00edveis.<\/p>\n<h2>Transporte Coletivo no Feriado<\/h2>\n<p>O sistema de transporte coletivo tamb\u00e9m ser\u00e1 afetado neste feriado. Confira a tabela de funcionamento:<\/p>\n<ul>\n<li><strong>S\u00e1bado (18\/04):<\/strong> Linhas operando com a tabela de S\u00c1BADO<\/li>\n<li><strong>Domingo (19\/04):<\/strong> Linhas operando com a tabela de DOMINGO E FERIADO<\/li>\n<li><strong>Segunda-feira (20\/04):<\/strong> Linhas operar\u00e3o com a tabela de DIA \u00daTIL at\u00e9 \u00e0s 19h. Ap\u00f3s esse hor\u00e1rio, passar\u00e3o a funcionar com a tabela de DOMINGO E FERIADO<\/li>\n<li><strong>Ter\u00e7a-feira (21\/04):<\/strong> As linhas funcionar\u00e3o com a tabela de DOMINGO E FERIADO<\/li>\n<\/ul>\n\n<div style=\"font-size: 0px; height: 0px; line-height: 0px; margin: 0; padding: 0; clear: both;\"><\/div>","protected":false},"excerpt":{"rendered":"<p>Descubra como ficam os servi\u00e7os em Bauru durante o feriado de Tiradentes.<\/p>\n","protected":false},"author":1,"featured_media":3139,"comment_status":"open","ping_status":"closed","sticky":false,"template":"","format":"standard","meta":{"footnotes":""},"categories":[6],"tags":[],"class_list":["post-3140","post","type-post","status-publish","format-standard","has-post-thumbnail","hentry","category-noticias-na-bela-vista","has_thumb"],"aioseo_notices":[],"_links":{"self":[{"href":"https:\/\/www.encontrabelavista.com.br\/sobre\/wp-json\/wp\/v2\/posts\/3140","targetHints":{"allow":["GET"]}}],"collection":[{"href":"https:\/\/www.encontrabelavista.com.br\/sobre\/wp-json\/wp\/v2\/posts"}],"about":[{"href":"https:\/\/www.encontrabelavista.com.br\/sobre\/wp-json\/wp\/v2\/types\/post"}],"author":[{"embeddable":true,"href":"https:\/\/www.encontrabelavista.com.br\/sobre\/wp-json\/wp\/v2\/users\/1"}],"replies":[{"embeddable":true,"href":"https:\/\/www.encontrabelavista.com.br\/sobre\/wp-json\/wp\/v2\/comments?post=3140"}],"version-history":[{"count":0,"href":"https:\/\/www.encontrabelavista.com.br\/sobre\/wp-json\/wp\/v2\/posts\/3140\/revisions"}],"wp:featuredmedia":[{"embeddable":true,"href":"https:\/\/www.encontrabelavista.com.br\/sobre\/wp-json\/wp\/v2\/media\/3139"}],"wp:attachment":[{"href":"https:\/\/www.encontrabelavista.com.br\/sobre\/wp-json\/wp\/v2\/media?parent=3140"}],"wp:term":[{"taxonomy":"category","embeddable":true,"href":"https:\/\/www.encontrabelavista.com.br\/sobre\/wp-json\/wp\/v2\/categories?post=3140"},{"taxonomy":"post_tag","embeddable":true,"href":"https:\/\/www.encontrabelavista.com.br\/sobre\/wp-json\/wp\/v2\/tags?post=3140"}],"curies":[{"name":"wp","href":"https:\/\/api.w.org\/{rel}","templated":true}]}}