{"id":3144,"date":"2026-04-22T09:08:51","date_gmt":"2026-04-22T12:08:51","guid":{"rendered":"https:\/\/www.encontrabelavista.com.br\/sobre\/inmet-emite-alerta-laranja-de-chuvas-intensas-com-risco-de-alagamentos-em-ribeirao-preto-e-regiao-ate-sabado-4\/"},"modified":"2026-04-22T09:08:51","modified_gmt":"2026-04-22T12:08:51","slug":"inmet-emite-alerta-laranja-de-chuvas-intensas-com-risco-de-alagamentos-em-ribeirao-preto-e-regiao-ate-sabado-4","status":"publish","type":"post","link":"https:\/\/www.encontrabelavista.com.br\/sobre\/inmet-emite-alerta-laranja-de-chuvas-intensas-com-risco-de-alagamentos-em-ribeirao-preto-e-regiao-ate-sabado-4\/","title":{"rendered":"INMET emite alerta laranja de chuvas intensas com risco de alagamentos em Ribeir\u00e3o Preto e Regi\u00e3o at\u00e9 s\u00e1bado (4)"},"content":{"rendered":"<div class=\"66f7afe30d5ab11a5499ffbde64f8398\" data-index=\"1\" style=\"float: none; margin:0px;\">\n<!-- Anuncio display - global -->\r\n<ins class=\"adsbygoogle\"\r\n     style=\"display:block\"\r\n     data-ad-client=\"ca-pub-8585364105181520\"\r\n     data-ad-slot=\"8789329856\"\r\n     data-ad-format=\"auto\"\r\n     data-full-width-responsive=\"true\"><\/ins>\r\n<script>\r\n     (adsbygoogle = window.adsbygoogle || []).push({});\r\n<\/script>\r\n\n<\/div>\n<h2>O que \u00e9 o alerta laranja do INMET?<\/h2>\n<p>O alerta laranja, emitido pelo <strong>Instituto Nacional de Meteorologia (INMET)<\/strong>, indica que h\u00e1 condi\u00e7\u00f5es meteorol\u00f3gicas adversas na regi\u00e3o, prevendo chuvas intensas e poss\u00edveis riscos a sa\u00fade e \u00e0 infraestrutura urbana. Este tipo de alerta \u00e9 classificado como &#8220;perigo&#8221; e serve para alertar a popula\u00e7\u00e3o sobre a necessidade de precau\u00e7\u00f5es, uma vez que as condi\u00e7\u00f5es clim\u00e1ticas podem provocar alagamentos e outros problemas relacionados \u00e0s chuvas fortes.<\/p>\n<h2>Impactos das chuvas intensas na regi\u00e3o<\/h2>\n<p>As chuvas intensas podem causar diversos impactos negativos, tanto para a popula\u00e7\u00e3o quanto para o meio ambiente. Entre os principais efeitos, destacam-se:<\/p>\n<ul>\n<li><strong>Alagamentos:<\/strong> A quantidade excessiva de \u00e1gua pode comprometer a drenagem urbana, resultando em alagamentos nas ruas e estradas, o que torna o tr\u00e1fego perigoso e pode interromper a circula\u00e7\u00e3o.<\/li>\n<li><strong>Deslizamentos de terra:<\/strong> Em \u00e1reas montanhosas ou com solo inst\u00e1vel, a chuva intensa pode gerar deslizamentos, colocando em risco a vida de moradores e a integridade de habita\u00e7\u00f5es.<\/li>\n<li><strong>Problemas na infraestrutura:<\/strong> A for\u00e7a das chuvas pode danificar cal\u00e7adas, ruas e at\u00e9 mesmo pontes, al\u00e9m de causar interrup\u00e7\u00f5es no fornecimento de energia el\u00e9trica devido a quedas de \u00e1rvores e postes.<\/li>\n<li><strong>Interfer\u00eancias na agricultura:<\/strong> As planta\u00e7\u00f5es tamb\u00e9m s\u00e3o afetadas, pois as chuvas excessivas podem causar eros\u00e3o do solo e dificultar o cultivo.<\/li>\n<\/ul>\n<h2>Cidades afetadas pelo alerta laranja<\/h2>\n<p>O alerta laranja de chuvas intensas afeta v\u00e1rias cidades na regi\u00e3o de Ribeir\u00e3o Preto. Os locais que precisam estar mais atentos incluem:<\/p>\n<p><img decoding=\"async\" src=\"https:\/\/www.encontrabelavista.com.br\/sobre\/wp-content\/uploads\/inmet-emite-alerta-laranja-de-chuvas-intensas-com-risco-de-alagamentos-em-ribeirao-preto-e-regiao-at-1.webp\" alt=\"alerta laranja\" loading=\"lazy\" \/><\/p>\n<ul>\n<li><a href=\"https:\/\/www.otempo.com.br\/tempo\/franca-sp\">Franca &#8211; SP<\/a><\/li>\n<li><a href=\"https:\/\/www.otempo.com.br\/tempo\/ribeirao-preto-sp\">Ribeir\u00e3o Preto &#8211; SP<\/a><\/li>\n<li><a href=\"https:\/\/www.otempo.com.br\/tempo\/altinopolis-sp\">Altin\u00f3polis &#8211; SP<\/a><\/li>\n<li><a href=\"https:\/\/www.otempo.com.br\/tempo\/brodowski-sp\">Brodowski &#8211; SP<\/a><\/li>\n<li><a href=\"https:\/\/www.otempo.com.br\/tempo\/cassia-dos-coqueiros-sp\">C\u00e1ssia dos Coqueiros &#8211; SP<\/a><\/li>\n<li><a href=\"https:\/\/www.otempo.com.br\/tempo\/cravinhos-sp\">Cravinhos &#8211; SP<\/a><\/li>\n<li><a href=\"https:\/\/www.otempo.com.br\/tempo\/cristais-paulista-sp\">Cristais Paulista &#8211; SP<\/a><\/li>\n<li><a href=\"https:\/\/www.otempo.com.br\/tempo\/batatais-sp\">Batatais &#8211; SP<\/a><\/li>\n<li><a href=\"https:\/\/www.otempo.com.br\/tempo\/buritizal-sp\">Buritizal &#8211; SP<\/a><\/li>\n<li><a href=\"https:\/\/www.otempo.com.br\/tempo\/dumont-sp\">Dumont &#8211; SP<\/a><\/li>\n<li><a href=\"https:\/\/www.otempo.com.br\/tempo\/aramina-sp\">Aramina &#8211; SP<\/a><\/li>\n<li><a href=\"https:\/\/www.otempo.com.br\/tempo\/bebedouro-sp\">Bebedouro &#8211; SP<\/a><\/li>\n<li><a href=\"https:\/\/www.otempo.com.br\/tempo\/cajuru-sp\">Cajuru &#8211; SP<\/a><\/li>\n<li><a href=\"https:\/\/www.otempo.com.br\/tempo\/candido-rodrigues-sp\">C\u00e2ndido Rodrigues &#8211; SP<\/a><\/li>\n<li><a href=\"https:\/\/www.otempo.com.br\/tempo\/barretos-sp\">Barretos &#8211; SP<\/a><\/li>\n<li><a href=\"https:\/\/www.otempo.com.br\/tempo\/barrinha-sp\">Barrinha &#8211; SP<\/a><\/li>\n<li><a href=\"https:\/\/www.otempo.com.br\/tempo\/colina-sp\">Colina &#8211; SP<\/a><\/li>\n<\/ul>\n<h2>Como se preparar para poss\u00edveis alagamentos<\/h2>\n<p>Para se proteger de alagamentos durante per\u00edodos de chuvas intensas, \u00e9 essencial que os moradores tomem algumas provid\u00eancias:<\/p>\n<ul>\n<li><strong>Fique atento ao n\u00edvel de \u00e1gua:<\/strong> Monitore o n\u00edvel de \u00e1gua em \u00e1reas propensas a alagamentos, como ruas com drenagem deficiente.<\/li>\n<li><strong>Tenha um kit de emerg\u00eancia:<\/strong> Prepare um kit com alimentos n\u00e3o perec\u00edveis, \u00e1gua pot\u00e1vel, lanternas, pilhas e medicamentos essenciais.<\/li>\n<li><strong>Evite sair de casa:<\/strong> Durante o alerta, evite deslocamentos desnecess\u00e1rios e fique em locais seguros.<\/li>\n<li><strong>Reforce a seguran\u00e7a em casa:<\/strong> Se poss\u00edvel, proteja portas e janelas com sacos de areia ou barreiras que possam evitar a entrada de \u00e1gua.<\/li>\n<\/ul>\n<h2>Recomenda\u00e7\u00f5es de seguran\u00e7a durante as tempestades<\/h2>\n<p>Durante as tempestades, algumas recomenda\u00e7\u00f5es s\u00e3o fundamentais para garantir a seguran\u00e7a de todos:<\/p>\n<ul>\n<li><strong>Desligue aparelhos el\u00e9tricos:<\/strong> Evite o uso de eletricidade e desligue aparelhos que possam ser danificados por sobrecargas.<\/li>\n<li><strong>N\u00e3o use telefonia fixa:<\/strong> Durante atividades el\u00e9tricas, evite usar fones de ouvido e aparelhos que podem ser atingidos por descargas.<\/li>\n<li><strong>Busque abrigo seguro:<\/strong> Se houver vento forte, busque abrigo em locais internos, longe de janelas e portas.<\/li>\n<li><strong>Esteja informado:<\/strong> Acompanhe as informa\u00e7\u00f5es sobre o clima por meio de r\u00e1dio ou celular, acessando aplicativos de previs\u00e3o do tempo.<\/li>\n<\/ul>\n<h2>Medidas preventivas para empres\u00e1rios e agricultores<\/h2>\n<p>Empres\u00e1rios e agricultores tamb\u00e9m devem se programar para minimizar os danos causados por chuvas intensas:<\/p>\n<ul>\n<li><strong>Inspecione a estrutura:<\/strong> Realize manuten\u00e7\u00f5es peri\u00f3dicas na estrutura f\u00edsica do im\u00f3vel e das maquinarias, garantindo que estejam em boas condi\u00e7\u00f5es para suportar tempestades.<\/li>\n<li><strong>Planeje o manejo de res\u00edduos:<\/strong> Certifique-se de que o local de armazenamento e descarte de res\u00edduos esteja devidamente isolado para evitar contamina\u00e7\u00e3o durante enchentes.<\/li>\n<li><strong>Treinamento da equipe:<\/strong> Oriente sua equipe sobre procedimentos de seguran\u00e7a durante tempestades, garantindo que todos saibam como agir em casos de emerg\u00eancia.<\/li>\n<\/ul>\n<h2>O que fazer em caso de emerg\u00eancia<\/h2>\n<p>Caso ocorra uma emerg\u00eancia devido \u00e0s chuvas, \u00e9 vital seguir as seguintes orienta\u00e7\u00f5es:<\/p>\n<ul>\n<li><strong>Contate as autoridades competentes:<\/strong> Informe a Defesa Civil pelo n\u00famero <strong>199<\/strong> ou o Corpo de Bombeiros pelo n\u00famero <strong>193<\/strong> se houver risco imediato.<\/li>\n<li><strong>Mantenha a calma:<\/strong> Em situa\u00e7\u00f5es de emerg\u00eancia, procure manter a calma e siga as orienta\u00e7\u00f5es dadas pelos profissionais respons\u00e1veis.<\/li>\n<li><strong>Evacue se necess\u00e1rio:<\/strong> Se a situa\u00e7\u00e3o exigir, evacue a \u00e1rea onde se encontra e busque abrigo em locais seguros.<\/li>\n<\/ul>\n<h2>A import\u00e2ncia de manter-se informado<\/h2>\n<p>Durante eventos clim\u00e1ticos adversos como esses, estar bem informado \u00e9 crucial. Fique antenado \u00e0s previs\u00f5es do tempo e atualiza\u00e7\u00f5es emitidas pelo INMET. Siga as orienta\u00e7\u00f5es de seguran\u00e7a e as recomenda\u00e7\u00f5es dadas pelas autoridades locais e evite colocar sua vida e de sua fam\u00edlia em risco.<\/p>\n<h2>Hist\u00f3rico de alagamentos em Ribeir\u00e3o Preto<\/h2>\n<p>Ribeir\u00e3o Preto j\u00e1 enfrentou epis\u00f3dios recorrentes de alagamentos em diferentes \u00e9pocas do ano, principalmente durante a temporada de chuvas. A cidade, que possui diversas \u00e1rea de drenagem ineficiente, sofre com as consequ\u00eancias das chuvas em larga escala. Hist\u00f3rias de inunda\u00e7\u00f5es em bairros como <strong>Centro, Bonfim Paulista e Jardim Paulista<\/strong> s\u00e3o comuns, levando a popula\u00e7\u00e3o a buscar apoio emergencial para suas casas.<\/p>\n<h2>Reflex\u00f5es sobre mudan\u00e7as clim\u00e1ticas e eventos extremos<\/h2>\n<p>O aumento da frequ\u00eancia e intensidade de eventos clim\u00e1ticos extremos, como enchentes e tempestades, est\u00e1 diretamente ligado \u00e0s mudan\u00e7as clim\u00e1ticas. As altera\u00e7\u00f5es nas temperaturas globais est\u00e3o elevando os padr\u00f5es de evapora\u00e7\u00e3o e, consequentemente, a umidade no ar, resultando em tempestades mais severas. \u00c9 essencial promover a\u00e7\u00f5es voltadas \u00e0 sustentabilidade e suporte \u00e0 natureza para atenuar os efeitos das mudan\u00e7as clim\u00e1ticas e proteger as comunidades vulner\u00e1veis.<br \/>\nEm suma, permanecendo informado e preparado, a popula\u00e7\u00e3o pode minimizar os riscos durantes as chuvas intensas e suas consequ\u00eancias nefastas. Cada indiv\u00edduo \u00e9 parte da solu\u00e7\u00e3o, contribuindo para um futuro mais seguro para todos.<\/p>\n\n<div style=\"font-size: 0px; height: 0px; line-height: 0px; margin: 0; padding: 0; clear: both;\"><\/div>","protected":false},"excerpt":{"rendered":"<p>INMET alerta laranja sobre chuvas intensas que podem causar alagamentos em Ribeir\u00e3o Preto e regi\u00e3o.<\/p>\n","protected":false},"author":1,"featured_media":3143,"comment_status":"open","ping_status":"closed","sticky":false,"template":"","format":"standard","meta":{"footnotes":""},"categories":[6],"tags":[],"class_list":["post-3144","post","type-post","status-publish","format-standard","has-post-thumbnail","hentry","category-noticias-na-bela-vista","has_thumb"],"aioseo_notices":[],"_links":{"self":[{"href":"https:\/\/www.encontrabelavista.com.br\/sobre\/wp-json\/wp\/v2\/posts\/3144","targetHints":{"allow":["GET"]}}],"collection":[{"href":"https:\/\/www.encontrabelavista.com.br\/sobre\/wp-json\/wp\/v2\/posts"}],"about":[{"href":"https:\/\/www.encontrabelavista.com.br\/sobre\/wp-json\/wp\/v2\/types\/post"}],"author":[{"embeddable":true,"href":"https:\/\/www.encontrabelavista.com.br\/sobre\/wp-json\/wp\/v2\/users\/1"}],"replies":[{"embeddable":true,"href":"https:\/\/www.encontrabelavista.com.br\/sobre\/wp-json\/wp\/v2\/comments?post=3144"}],"version-history":[{"count":0,"href":"https:\/\/www.encontrabelavista.com.br\/sobre\/wp-json\/wp\/v2\/posts\/3144\/revisions"}],"wp:featuredmedia":[{"embeddable":true,"href":"https:\/\/www.encontrabelavista.com.br\/sobre\/wp-json\/wp\/v2\/media\/3143"}],"wp:attachment":[{"href":"https:\/\/www.encontrabelavista.com.br\/sobre\/wp-json\/wp\/v2\/media?parent=3144"}],"wp:term":[{"taxonomy":"category","embeddable":true,"href":"https:\/\/www.encontrabelavista.com.br\/sobre\/wp-json\/wp\/v2\/categories?post=3144"},{"taxonomy":"post_tag","embeddable":true,"href":"https:\/\/www.encontrabelavista.com.br\/sobre\/wp-json\/wp\/v2\/tags?post=3144"}],"curies":[{"name":"wp","href":"https:\/\/api.w.org\/{rel}","templated":true}]}}