{"id":3148,"date":"2026-04-25T09:14:36","date_gmt":"2026-04-25T12:14:36","guid":{"rendered":"https:\/\/www.encontrabelavista.com.br\/sobre\/centrais-sindicais-convocam-ato-contra-juros-altos-em-sao-paulo\/"},"modified":"2026-04-25T09:14:36","modified_gmt":"2026-04-25T12:14:36","slug":"centrais-sindicais-convocam-ato-contra-juros-altos-em-sao-paulo","status":"publish","type":"post","link":"https:\/\/www.encontrabelavista.com.br\/sobre\/centrais-sindicais-convocam-ato-contra-juros-altos-em-sao-paulo\/","title":{"rendered":"Centrais sindicais convocam ato contra juros altos em S\u00e3o Paulo"},"content":{"rendered":"<div class=\"66f7afe30d5ab11a5499ffbde64f8398\" data-index=\"1\" style=\"float: none; margin:0px;\">\n<!-- Anuncio display - global -->\r\n<ins class=\"adsbygoogle\"\r\n     style=\"display:block\"\r\n     data-ad-client=\"ca-pub-8585364105181520\"\r\n     data-ad-slot=\"8789329856\"\r\n     data-ad-format=\"auto\"\r\n     data-full-width-responsive=\"true\"><\/ins>\r\n<script>\r\n     (adsbygoogle = window.adsbygoogle || []).push({});\r\n<\/script>\r\n\n<\/div>\n<h2>O que Motivou a Mobiliza\u00e7\u00e3o?<\/h2>\n<p>No cen\u00e1rio atual econ\u00f4mico do Brasil, as centrais sindicais acreditam que a alta taxa de juros imposto pela pol\u00edtica monet\u00e1ria est\u00e1 afetando negativamente o crescimento do pa\u00eds. A Taxa Selic, atualmente estabelecida em 14,75% ao ano, \u00e9 vista como exorbitante e desproporcional. As entidades sindicais que representam trabalhadores de diversas \u00e1reas se uniram para protestar contra essa situa\u00e7\u00e3o, com o objetivo de chamar a aten\u00e7\u00e3o do governo e do Banco Central sobre o impacto que esses juros elevados t\u00eam nos investimentos e na cria\u00e7\u00e3o de empregos.<\/p>\n<h2>Entidades Envolvidas na A\u00e7\u00e3o<\/h2>\n<p>O ato de protesto ser\u00e1 orquestrado por uma coaliz\u00e3o de centrais sindicais, incluindo:<\/p>\n<ul>\n<li><strong>Central dos Trabalhadores e Trabalhadoras do Brasil (CTB)<\/strong><\/li>\n<li><strong>Central \u00danica dos Trabalhadores (CUT)<\/strong><\/li>\n<li><strong>For\u00e7a Sindical<\/strong><\/li>\n<li><strong>Uni\u00e3o Geral dos Trabalhadores (UGT)<\/strong><\/li>\n<li><strong>Nova Central Sindical de Trabalhadores (NCST)<\/strong><\/li>\n<li><strong>Central dos Sindicatos Brasileiros (CSB)<\/strong><\/li>\n<li><strong>Intersindical<\/strong><\/li>\n<li><strong>P\u00fablica Central do Servidor<\/strong><\/li>\n<\/ul>\n<p>Essas organiza\u00e7\u00f5es t\u00eam um papel crucial na mobiliza\u00e7\u00e3o e na articula\u00e7\u00e3o dos trabalhadores em defesa de melhores condi\u00e7\u00f5es econ\u00f4micas e sociais.<\/p>\n<p><img decoding=\"async\" src=\"https:\/\/www.encontrabelavista.com.br\/sobre\/wp-content\/uploads\/centrais-sindicais-convocam-ato-contra-juros-altos-em-sao-paulo.webp\" alt=\"centrais sindicais\" loading=\"lazy\" \/><\/p>\n<h2>Impacto dos Juros Altos na Economia<\/h2>\n<p>Os altos n\u00edveis da Taxa Selic t\u00eam um efeito cascata sobre diversos aspectos da economia. Entre os principais impactos est\u00e3o:<\/p>\n<ul>\n<li><strong>Desest\u00edmulo a Investimentos:<\/strong> Juros altos tornam o financiamento mais caro, desmotivando empresas a investir e expandir suas opera\u00e7\u00f5es.<\/li>\n<li><strong>Fiscaliza\u00e7\u00e3o de Empregos:<\/strong> Com menos investimentos, h\u00e1 uma diminui\u00e7\u00e3o na cria\u00e7\u00e3o de novos postos de trabalho, afetando a renda da popula\u00e7\u00e3o.<\/li>\n<li><strong>Press\u00e3o sobre a Renda Familiar:<\/strong> Fam\u00edlias enfrentam dificuldades para pagar suas d\u00edvidas, uma vez que os juros elevados aumentam as despesas financeiras.<\/li>\n<li><strong>Desacelera\u00e7\u00e3o do Consumo:<\/strong> Com a renda comprometida, o consumo tende a cair, afetando diretamente as vendas do com\u00e9rcio e o crescimento econ\u00f4mico.<\/li>\n<\/ul>\n<h2>Objetivos do Ato de Protesto<\/h2>\n<p>O ato programado para o dia 28 de abril de 2026 tem como principais objetivos:<\/p>\n<ul>\n<li><strong>Reduzir a Taxa Selic:<\/strong> As centrais sindicais reivindicam a imediata redu\u00e7\u00e3o dos juros como uma medida vital para reativar a economia.<\/li>\n<li><strong>Rever a Pol\u00edtica Monet\u00e1ria:<\/strong> Questionar o Banco Central sobre as estrat\u00e9gias adotadas que favorecem o aumento dos juros, em detrimento do crescimento econ\u00f4mico.<\/li>\n<li><strong>Aumentar a Visibilidade do Problema:<\/strong> O ato busca conscientizar a popula\u00e7\u00e3o e os demais setores da economia sobre a gravidade da situa\u00e7\u00e3o e a necessidade de mudan\u00e7as.<\/li>\n<\/ul>\n<h2>Data e Local do Evento<\/h2>\n<p>O evento ocorrer\u00e1 no dia 28 de abril de 2026, com o seguinte detalhe:<\/p>\n<ul>\n<li><strong>Data:<\/strong> 28 de abril de 2026<\/li>\n<li><strong>Hor\u00e1rio:<\/strong> A partir das 10h<\/li>\n<li><strong>Local:<\/strong> Em frente ao Banco Central do Brasil, situado na Avenida Paulista, n\u00ba 1.804, Bela Vista, S\u00e3o Paulo<\/li>\n<\/ul>\n<h2>Como Participar da Manifesta\u00e7\u00e3o<\/h2>\n<p>A participa\u00e7\u00e3o da comunidade \u00e9 essencial para a for\u00e7a do ato. Os cidad\u00e3os s\u00e3o incentivados a:<\/p>\n<ul>\n<li><strong>Comparecer ao Local:<\/strong> Estar presente no evento para demonstrar apoio \u00e0 causa.<\/li>\n<li><strong>Levar Faixas e Cartazes:<\/strong> Expressar suas opini\u00f5es e mensagens sobre a import\u00e2ncia da redu\u00e7\u00e3o da taxa de juros.<\/li>\n<li><strong>Divulgar nas Redes Sociais:<\/strong> Compartilhar informa\u00e7\u00f5es sobre o evento e suas reivindica\u00e7\u00f5es nas plataformas sociais para aumentar a conscientiza\u00e7\u00e3o.<\/li>\n<\/ul>\n<h2>Repercuss\u00e3o nas Redes Sociais<\/h2>\n<p>A mobiliza\u00e7\u00e3o tamb\u00e9m visa provocar um debate maior nas redes sociais, e diversas hashtags e informa\u00e7\u00f5es est\u00e3o sendo compartilhadas pr\u00e9vio ao evento, convidando a popula\u00e7\u00e3o a se engajar com a causa. Essas a\u00e7\u00f5es visam:<\/p>\n<ul>\n<li><strong>Gerar Discuss\u00e3o:<\/strong> Aumentar o di\u00e1logo sobre como os juros altos afetam a vida de trabalhadores e cidad\u00e3os de um modo geral.<\/li>\n<li><strong>Atrair M\u00eddia e Aten\u00e7\u00e3o P\u00fablica:<\/strong> Espera-se que a repercuss\u00e3o nas redes sociais leve a uma cobertura midi\u00e1tica mais abrangente sobre o tema.<\/li>\n<\/ul>\n<h2>Hist\u00f3rico das Lutas Sindicais<\/h2>\n<p>O contexto atual de protestos e reivindica\u00e7\u00f5es n\u00e3o \u00e9 in\u00e9dito no Brasil. Historicamente, as centrais sindicais t\u00eam lutado contra diversas injusti\u00e7as sociais e condi\u00e7\u00f5es econ\u00f4micas desfavor\u00e1veis. Exemplos incluem:<\/p>\n<ul>\n<li><strong>Greves por Aumento Salarial:<\/strong> Mobiliza\u00e7\u00f5es vigorosas t\u00eam ocorrido em v\u00e1rias d\u00e9cadas, onde os trabalhadores demandaram melhores sal\u00e1rios e condi\u00e7\u00f5es de trabalho.<\/li>\n<li><strong>Lutas por Direitos Trabalhistas:<\/strong> As centrais t\u00eam sido fundamentais na luta pela manuten\u00e7\u00e3o de direitos trabalhistas amea\u00e7ados por reformas.<\/li>\n<li><strong>Mobiliza\u00e7\u00f5es em Per\u00edodos de Crise:<\/strong> Crises econ\u00f4micas passadas resultaram em esfor\u00e7os coletivos para proteger empregos e direitos dos trabalhadores.<\/li>\n<\/ul>\n<h2>An\u00e1lise das Taxas de Juros no Brasil<\/h2>\n<p>A taxa Selic \u00e9 uma ferramenta crucial de pol\u00edtica monet\u00e1ria, mas sua aplica\u00e7\u00e3o deve ser balanceada para n\u00e3o ocasionar efeitos colaterais adversos. A atual taxa \u00e9 considerada exorbitante por muitos economistas, que argumentam que:<\/p>\n<ul>\n<li><strong>Ela inibe o crescimento econ\u00f4mico:<\/strong> Supervisores do setor financeiro acreditam que uma taxa mais baixa poderia estimular investimentos.<\/li>\n<li><strong>\u00c9 necess\u00e1ria uma revis\u00e3o peri\u00f3dica:<\/strong> A taxa deve ser ajustada conforme o cen\u00e1rio econ\u00f4mico para n\u00e3o prejudicar o desenvolvimento.<\/li>\n<\/ul>\n<h2>Expectativas para o Futuro da Economia<\/h2>\n<p>A movimenta\u00e7\u00e3o em prol da redu\u00e7\u00e3o da Taxa Selic reflete um desejo de transforma\u00e7\u00e3o na economia brasileira. As centrais sindicais e seus apoiadores t\u00eam esperan\u00e7as de que o ato deste m\u00eas possa resultar em:<\/p>\n<ul>\n<li><strong>Mudan\u00e7as nas Pol\u00edticas P\u00fablicas:<\/strong> Um chamado para que os respons\u00e1veis pela pol\u00edtica econ\u00f4mica ou\u00e7am e ajam conforme as necessidades da popula\u00e7\u00e3o.<\/li>\n<li><strong>Est\u00edmulo \u00e0 Participa\u00e7\u00e3o Cidad\u00e3:<\/strong> A medida que mais cidad\u00e3os se envolvem, espera-se um fortalecimento da democracia e garantias de direitos.<\/li>\n<\/ul>\n\n<div style=\"font-size: 0px; height: 0px; line-height: 0px; margin: 0; padding: 0; clear: both;\"><\/div>","protected":false},"excerpt":{"rendered":"<p>Centrais sindicais se unem contra juros altos em S\u00e3o Paulo. Saiba mais!<\/p>\n","protected":false},"author":1,"featured_media":3147,"comment_status":"open","ping_status":"closed","sticky":false,"template":"","format":"standard","meta":{"footnotes":""},"categories":[6],"tags":[],"class_list":["post-3148","post","type-post","status-publish","format-standard","has-post-thumbnail","hentry","category-noticias-na-bela-vista","has_thumb"],"aioseo_notices":[],"_links":{"self":[{"href":"https:\/\/www.encontrabelavista.com.br\/sobre\/wp-json\/wp\/v2\/posts\/3148","targetHints":{"allow":["GET"]}}],"collection":[{"href":"https:\/\/www.encontrabelavista.com.br\/sobre\/wp-json\/wp\/v2\/posts"}],"about":[{"href":"https:\/\/www.encontrabelavista.com.br\/sobre\/wp-json\/wp\/v2\/types\/post"}],"author":[{"embeddable":true,"href":"https:\/\/www.encontrabelavista.com.br\/sobre\/wp-json\/wp\/v2\/users\/1"}],"replies":[{"embeddable":true,"href":"https:\/\/www.encontrabelavista.com.br\/sobre\/wp-json\/wp\/v2\/comments?post=3148"}],"version-history":[{"count":0,"href":"https:\/\/www.encontrabelavista.com.br\/sobre\/wp-json\/wp\/v2\/posts\/3148\/revisions"}],"wp:featuredmedia":[{"embeddable":true,"href":"https:\/\/www.encontrabelavista.com.br\/sobre\/wp-json\/wp\/v2\/media\/3147"}],"wp:attachment":[{"href":"https:\/\/www.encontrabelavista.com.br\/sobre\/wp-json\/wp\/v2\/media?parent=3148"}],"wp:term":[{"taxonomy":"category","embeddable":true,"href":"https:\/\/www.encontrabelavista.com.br\/sobre\/wp-json\/wp\/v2\/categories?post=3148"},{"taxonomy":"post_tag","embeddable":true,"href":"https:\/\/www.encontrabelavista.com.br\/sobre\/wp-json\/wp\/v2\/tags?post=3148"}],"curies":[{"name":"wp","href":"https:\/\/api.w.org\/{rel}","templated":true}]}}