{"id":3158,"date":"2026-04-25T09:27:41","date_gmt":"2026-04-25T12:27:41","guid":{"rendered":"https:\/\/www.encontrabelavista.com.br\/sobre\/lula-recebe-alta-apos-ser-submetido-a-2-procedimentos-medicos-em-sp\/"},"modified":"2026-04-25T09:27:41","modified_gmt":"2026-04-25T12:27:41","slug":"lula-recebe-alta-apos-ser-submetido-a-2-procedimentos-medicos-em-sp","status":"publish","type":"post","link":"https:\/\/www.encontrabelavista.com.br\/sobre\/lula-recebe-alta-apos-ser-submetido-a-2-procedimentos-medicos-em-sp\/","title":{"rendered":"Lula recebe alta ap\u00f3s ser submetido a 2 procedimentos m\u00e9dicos em SP"},"content":{"rendered":"<div class=\"66f7afe30d5ab11a5499ffbde64f8398\" data-index=\"1\" style=\"float: none; margin:0px;\">\n<!-- Anuncio display - global -->\r\n<ins class=\"adsbygoogle\"\r\n     style=\"display:block\"\r\n     data-ad-client=\"ca-pub-8585364105181520\"\r\n     data-ad-slot=\"8789329856\"\r\n     data-ad-format=\"auto\"\r\n     data-full-width-responsive=\"true\"><\/ins>\r\n<script>\r\n     (adsbygoogle = window.adsbygoogle || []).push({});\r\n<\/script>\r\n\n<\/div>\n<h2>O que motivou os procedimentos m\u00e9dicos de Lula<\/h2>\n<p>Recentemente, Luiz In\u00e1cio Lula da Silva, presidente do Brasil, foi submetido a dois procedimentos m\u00e9dicos no renomado <strong>Hospital S\u00edrio-Liban\u00eas<\/strong>, localizado no centro de <strong>S\u00e3o Paulo<\/strong>. A necessidade de tais interven\u00e7\u00f5es surgiu devido \u00e0 presen\u00e7a de uma les\u00e3o de pele na cabe\u00e7a de Lula, que, segundo avalia\u00e7\u00f5es m\u00e9dicas, era considerada <strong>comum<\/strong>, mas que exigia cuidado para evitar complica\u00e7\u00f5es futuras, como crescimento ou sangramento indesejado. <\/p>\n<p>O presidente, bastante ativo em sua campanha de reelei\u00e7\u00e3o, n\u00e3o teve suas atividades impactadas pela cirurgia, o que demonstra a fiscaliza\u00e7\u00e3o minuciosa da equipe m\u00e9dica sobre seu estado de sa\u00fade. Al\u00e9m disso, ficou claro que as preocupa\u00e7\u00f5es referentes \u00e0 sa\u00fade do presidente ocorrem em um momento crucial, j\u00e1 que as elei\u00e7\u00f5es est\u00e3o se aproximando.<\/p>\n<h2>Detalhes sobre a cirurgia de remo\u00e7\u00e3o da les\u00e3o<\/h2>\n<p>O procedimento para remo\u00e7\u00e3o da les\u00e3o foi realizado com sucesso e durou cerca de uma hora. O cirurgi\u00e3o respons\u00e1vel, <strong>Roberto Kalil Filho<\/strong>, afirmou que a les\u00e3o removida era um <strong>tumor benigno de pele<\/strong> e assegurou aos meios de comunica\u00e7\u00e3o que a cirurgia n\u00e3o apresentou nenhuma complica\u00e7\u00e3o durante a sua realiza\u00e7\u00e3o. A dermatologista <strong>Cristina Martinez Zugaib Abdalla<\/strong> foi a profissional que conduziu a opera\u00e7\u00e3o, evidenciando a seriedade e o profissionalismo envolvidos. Ela explicou que a remo\u00e7\u00e3o era necess\u00e1ria devido \u00e0 exposi\u00e7\u00e3o solar prolongada, caracter\u00edstica comum entre muitos indiv\u00edduos, especialmente na popula\u00e7\u00e3o brasileira.<\/p>\n<p><img decoding=\"async\" src=\"https:\/\/www.encontrabelavista.com.br\/sobre\/wp-content\/uploads\/lula-recebe-alta-apos-ser-submetido-a-2-procedimentos-medicos-em-sp.webp\" alt=\"Lula procedimentos m\u00e9dicos\" loading=\"lazy\" \/><\/p>\n<h2>Quem s\u00e3o os m\u00e9dicos respons\u00e1veis pelo cuidado de Lula<\/h2>\n<p>No cerne dessas opera\u00e7\u00f5es, est\u00e3o os m\u00e9dicos que comp\u00f5em a equipe respons\u00e1vel pela sa\u00fade do presidente. O <strong>Dr. Roberto Kalil Filho<\/strong> \u00e9 um m\u00e9dico renomado, conhecido por sua vasta experi\u00eancia e por tratar pacientes de destaque. A <strong>Dra. Cristina Martinez Zugaib Abdalla<\/strong>, dermatologista do Hospital S\u00edrio-Liban\u00eas, foi fundamental para o procedimento necess\u00e1rio \u00e0 remo\u00e7\u00e3o da les\u00e3o na cabe\u00e7a de Lula. Ambos os profissionais demonstraram um cuidado exemplar durante o processo, assegurando uma recupera\u00e7\u00e3o tranquila para o presidente. Eles se comprometem a monitorar constantemente a sa\u00fade de Lula, garantindo que ele permane\u00e7a numa excelente condi\u00e7\u00e3o f\u00edsica para suas atividades.<\/p>\n<h2>Como a les\u00e3o afetou a sa\u00fade do presidente<\/h2>\n<p>A les\u00e3o de pele que motivou a interven\u00e7\u00e3o cir\u00fargica poderia ter implica\u00e7\u00f5es s\u00e9rias se n\u00e3o tratada. Embora o m\u00e9dico tenha classificado a condi\u00e7\u00e3o como a &#8220;mais comum do mundo&#8221;, o fato \u00e9 que as les\u00f5es de pele, se deixadas sem supervis\u00e3o, podem evoluir para situa\u00e7\u00f5es mais graves, como c\u00e2ncer de pele ou infec\u00e7\u00f5es. Portanto, a remo\u00e7\u00e3o da les\u00e3o foi n\u00e3o apenas um requisito est\u00e9tico, mas tamb\u00e9m um passo necess\u00e1rio para preservar a sa\u00fade e a integridade do presidente, assegurando que ele continue a desempenhar suas fun\u00e7\u00f5es sem risco \u00e0 sua sa\u00fade.<\/p>\n<h2>Expectativas para a agenda de Lula ap\u00f3s a alta<\/h2>\n<p>Com a recupera\u00e7\u00e3o j\u00e1 iniciada e visto o sucesso dos procedimentos realizados, a equipe m\u00e9dica indicou que Lula pode retornar \u00e0s suas atividades normais rapidamente. No entanto, foi recomendado que ele n\u00e3o participasse de compromissos p\u00fablicos logo ap\u00f3s a cirurgia, para garantir que tenha um descanso ideal e siga as orienta\u00e7\u00f5es m\u00e9dicas. As expectativas s\u00e3o de que, a partir de segunda-feira (27\/4), o presidente retorne \u00e0s suas fun\u00e7\u00f5es, mantendo sua agenda habitual de campanha.<\/p>\n<h2>Instru\u00e7\u00f5es m\u00e9dicas para o p\u00f3s-operat\u00f3rio<\/h2>\n<p>Ap\u00f3s a cirurgia, os m\u00e9dicos definiram algumas diretrizes que Lula dever\u00e1 seguir para garantir uma recupera\u00e7\u00e3o plena e evitar quaisquer riscos. Entre as instru\u00e7\u00f5es, destaca-se a exig\u00eancia de uso de chap\u00e9us e protetor solar quando o presidente estiver exposto ao sol, o que \u00e9 uma pr\u00e1tica comum recomendada a todos os pacientes que passaram por procedimentos semelhantes. Essas orienta\u00e7\u00f5es visam proteger a \u00e1rea da cirurgia de potenciais danos e facilitar o processo de cicatriza\u00e7\u00e3o. <\/p>\n<h2>Impacto da sa\u00fade de Lula nas campanhas eleitorais<\/h2>\n<p>A sa\u00fade do presidente \u00e9 um fator significativo nas campanhas eleitorais, especialmente considerando o estado de sa\u00fade anterior de Lula e suas dificuldades nos \u00faltimos anos. Portanto, a maneira como ele lida com quest\u00f5es de sa\u00fade pode influenciar a percep\u00e7\u00e3o p\u00fablica e, consequentemente, pode impactar sua reelei\u00e7\u00e3o. A equipe de comunica\u00e7\u00e3o de Lula sem d\u00favida est\u00e1 ciente de que, mantendo uma imagem ativa e saud\u00e1vel, ele ser\u00e1 capaz de transmitir confian\u00e7a ao eleitorado. O apoio da equipe m\u00e9dica tamb\u00e9m desempenha um papel crucial na manuten\u00e7\u00e3o dessa imagem. <\/p>\n<h2>Suporte da equipe m\u00e9dica e familiares<\/h2>\n<p>A equipe m\u00e9dica liderada pelo Dr. Kalil e a Dra. Cristina tem proporcionado um suporte s\u00f3lido tanto no aspecto cl\u00ednico quanto emocional. Apesar das repercuss\u00f5es de sua sa\u00fade na opin\u00e3o p\u00fablica, a presen\u00e7a constante de sua fam\u00edlia e uma equipe altamente qualificada tem sido um alicerce para Lula durante suas recupera\u00e7\u00f5es. Os relat\u00f3rios \u00edntimos que descrevem seu estado de sa\u00fade v\u00e3o al\u00e9m do f\u00edsico; eles refletem o apoio incondicional que o presidente recebe, o que \u00e9 vital para qualquer paciente diante de um procedimento cir\u00fargico.<\/p>\n<h2>Rea\u00e7\u00f5es do p\u00fablico \u00e0 recupera\u00e7\u00e3o de Lula<\/h2>\n<p>A comunidade tem estado atenta ao estado de sa\u00fade do presidente. Ap\u00f3s os procedimentos cir\u00fargicos, as rea\u00e7\u00f5es do p\u00fablico foram misturadas. A maioria expressou al\u00edvio e otimismo sobre a recupera\u00e7\u00e3o do presidente, ressaltando a import\u00e2ncia de sua sa\u00fade para a continuidade de sua atua\u00e7\u00e3o na pol\u00edtica brasileira. Entretanto, outros remainem c\u00e9ticos quanto a sua condi\u00e7\u00e3o, o que \u00e9 natural em uma sociedade atenta \u00e0s not\u00edcias e que tem vivenciado uma din\u00e2mica pol\u00edtica intensa nos \u00faltimos anos.<\/p>\n<h2>Pr\u00f3ximos passos na sa\u00fade do presidente<\/h2>\n<p>Uma vez que a cirurgia foi bem sucedida e a recupera\u00e7\u00e3o j\u00e1 teve in\u00edcio, os pr\u00f3ximos passos para Lula envolvem o seguimento m\u00e9dico bem cuidadoso para verificar a cicatriza\u00e7\u00e3o adequada da \u00e1rea operada e monitorar a tendinite que foi tratada no seu polegar direito atrav\u00e9s de infiltra\u00e7\u00e3o. Medidas cont\u00ednuas de supervis\u00e3o m\u00e9dica e ajustes na rotina de cuidados pessoais ser\u00e3o essenciais para garantir uma recupera\u00e7\u00e3o completa e saud\u00e1vel. O compromisso de Lula com sua sa\u00fade ser\u00e1 crucial para o que est\u00e1 por vir, tanto em termos de sua sa\u00fade pessoal quanto de suas responsabilidades de lideran\u00e7a pol\u00edtica.<\/p>\n\n<div style=\"font-size: 0px; height: 0px; line-height: 0px; margin: 0; padding: 0; clear: both;\"><\/div>","protected":false},"excerpt":{"rendered":"<p>Lula recebe alta ap\u00f3s procedimentos m\u00e9dicos em SP. Descubra os detalhes agora.<\/p>\n","protected":false},"author":1,"featured_media":3157,"comment_status":"open","ping_status":"closed","sticky":false,"template":"","format":"standard","meta":{"footnotes":""},"categories":[6],"tags":[],"class_list":["post-3158","post","type-post","status-publish","format-standard","has-post-thumbnail","hentry","category-noticias-na-bela-vista","has_thumb"],"aioseo_notices":[],"_links":{"self":[{"href":"https:\/\/www.encontrabelavista.com.br\/sobre\/wp-json\/wp\/v2\/posts\/3158","targetHints":{"allow":["GET"]}}],"collection":[{"href":"https:\/\/www.encontrabelavista.com.br\/sobre\/wp-json\/wp\/v2\/posts"}],"about":[{"href":"https:\/\/www.encontrabelavista.com.br\/sobre\/wp-json\/wp\/v2\/types\/post"}],"author":[{"embeddable":true,"href":"https:\/\/www.encontrabelavista.com.br\/sobre\/wp-json\/wp\/v2\/users\/1"}],"replies":[{"embeddable":true,"href":"https:\/\/www.encontrabelavista.com.br\/sobre\/wp-json\/wp\/v2\/comments?post=3158"}],"version-history":[{"count":0,"href":"https:\/\/www.encontrabelavista.com.br\/sobre\/wp-json\/wp\/v2\/posts\/3158\/revisions"}],"wp:featuredmedia":[{"embeddable":true,"href":"https:\/\/www.encontrabelavista.com.br\/sobre\/wp-json\/wp\/v2\/media\/3157"}],"wp:attachment":[{"href":"https:\/\/www.encontrabelavista.com.br\/sobre\/wp-json\/wp\/v2\/media?parent=3158"}],"wp:term":[{"taxonomy":"category","embeddable":true,"href":"https:\/\/www.encontrabelavista.com.br\/sobre\/wp-json\/wp\/v2\/categories?post=3158"},{"taxonomy":"post_tag","embeddable":true,"href":"https:\/\/www.encontrabelavista.com.br\/sobre\/wp-json\/wp\/v2\/tags?post=3158"}],"curies":[{"name":"wp","href":"https:\/\/api.w.org\/{rel}","templated":true}]}}