{"id":3160,"date":"2026-04-26T09:15:40","date_gmt":"2026-04-26T12:15:40","guid":{"rendered":"https:\/\/www.encontrabelavista.com.br\/sobre\/erika-hilton-e-amanda-paschoal-acionam-mp-contra-cortes-de-ricardo-nunes-na-verba-de-idosos-e-onibus\/"},"modified":"2026-04-26T09:15:40","modified_gmt":"2026-04-26T12:15:40","slug":"erika-hilton-e-amanda-paschoal-acionam-mp-contra-cortes-de-ricardo-nunes-na-verba-de-idosos-e-onibus","status":"publish","type":"post","link":"https:\/\/www.encontrabelavista.com.br\/sobre\/erika-hilton-e-amanda-paschoal-acionam-mp-contra-cortes-de-ricardo-nunes-na-verba-de-idosos-e-onibus\/","title":{"rendered":"Erika Hilton e Amanda Paschoal acionam MP contra cortes de Ricardo Nunes na verba de idosos e \u00f4nibus"},"content":{"rendered":"<div class=\"66f7afe30d5ab11a5499ffbde64f8398\" data-index=\"1\" style=\"float: none; margin:0px;\">\n<!-- Anuncio display - global -->\r\n<ins class=\"adsbygoogle\"\r\n     style=\"display:block\"\r\n     data-ad-client=\"ca-pub-8585364105181520\"\r\n     data-ad-slot=\"8789329856\"\r\n     data-ad-format=\"auto\"\r\n     data-full-width-responsive=\"true\"><\/ins>\r\n<script>\r\n     (adsbygoogle = window.adsbygoogle || []).push({});\r\n<\/script>\r\n\n<\/div>\n<h2>Contexto das Mudan\u00e7as Or\u00e7ament\u00e1rias em S\u00e3o Paulo<\/h2>\n<p>No cen\u00e1rio atual de S\u00e3o Paulo, as altera\u00e7\u00f5es financeiras propostas pelo prefeito Ricardo Nunes t\u00eam provocado grande controv\u00e9rsia. A recente realoca\u00e7\u00e3o de R$ 51,9 milh\u00f5es do or\u00e7amento municipal para 2026 gerou um clima de tens\u00e3o entre a popula\u00e7\u00e3o, especialmente entre os idosos e os usu\u00e1rios do transporte p\u00fablico. Esses cortes financeiros foram direcionados para a melhoria da infraestrutura vi\u00e1ria e da requalifica\u00e7\u00e3o do Aut\u00f3dromo de Interlagos, o que gerou cr\u00edticas acentuadas por parte dos representantes da sociedade civil e de membros da C\u00e2mara Municipal.<\/p>\n<h2>A\u00e7\u00e3o da Deputada Erika Hilton<\/h2>\n<p>A deputada federal Erika Hilton, em conjunto com a vereadora Amanda Paschoal, n\u00e3o hesitou em tomar atitudes decisivas, acionando o Minist\u00e9rio P\u00fablico como resposta a esses cortes or\u00e7ament\u00e1rios. Ambas as parlamentares do PSOL apontam que essa mudan\u00e7a de prioridades afeta diretamente o bem-estar da popula\u00e7\u00e3o idosa e a efic\u00e1cia do transporte p\u00fablico, setores que j\u00e1 enfrentam car\u00eancias significativas de investimento e aten\u00e7\u00e3o. Essa representa\u00e7\u00e3o tem como objetivo investigar a legalidade do remanejamento or\u00e7ament\u00e1rio e suas implica\u00e7\u00f5es.<\/p>\n<h2>Rea\u00e7\u00e3o da Vereadora Amanda Paschoal<\/h2>\n<p>A vereadora Amanda Paschoal tamb\u00e9m se posicionou firmemente contra as altera\u00e7\u00f5es or\u00e7ament\u00e1rias, argumentando que a administra\u00e7\u00e3o municipal n\u00e3o pode desviar recursos essenciais. Segundo ela, a diminui\u00e7\u00e3o do investimento em pol\u00edticas p\u00fablicas voltadas para idosos e transporte n\u00e3o \u00e9 apenas uma quest\u00e3o de aloca\u00e7\u00e3o financeira, mas uma viola\u00e7\u00e3o direta dos direitos fundamentais de uma parte vulner\u00e1vel da popula\u00e7\u00e3o.<\/p>\n<p><img decoding=\"async\" src=\"https:\/\/www.encontrabelavista.com.br\/sobre\/wp-content\/uploads\/erika-hilton-e-amanda-paschoal-acionam-mp-contra-cortes-de-ricardo-nunes-na-verba-de-idosos-e-onibus.webp\" alt=\"cortes na verba de idosos e \u00f4nibus\" loading=\"lazy\" \/><\/p>\n<h2>Impacto nos Servi\u00e7os para Idosos<\/h2>\n<p>Os cortes na verba destinadas a servi\u00e7os sociais voltados para idosos suscitam preocupa\u00e7\u00f5es sobre as consequ\u00eancias para essa faixa et\u00e1ria. A redu\u00e7\u00e3o nos subs\u00eddios que financiam programas e assist\u00eancia social pode resultar em um acesso ainda mais restrito aos servi\u00e7os de sa\u00fade, transporte e lazer, fundamentais para a qualidade de vida dos idosos. Al\u00e9m disso, tais altera\u00e7\u00f5es acarretam um impacto negativo na rede de apoio que sustenta esses cidad\u00e3os, expondo-os a situa\u00e7\u00f5es de vulnerabilidade.<\/p>\n<h2>Destina\u00e7\u00e3o de Recursos para Obras Vi\u00e1rias<\/h2>\n<p>O direcionamento de recursos para obras vi\u00e1rias, embora necess\u00e1rio para a infraestrutura da cidade, levanta quest\u00f5es sobre a prioridades estabelecidas pela gest\u00e3o municipal. Os cr\u00edticos afirmam que a realoca\u00e7\u00e3o de verbas para projetos de grande visibilidade, como a requalifica\u00e7\u00e3o do Aut\u00f3dromo de Interlagos, contrasta fortemente com a falta de aten\u00e7\u00e3o a quest\u00f5es sociais urgentes. Essa mudan\u00e7a pode ser vista como uma forma de priorizar eventos de grande apelo midi\u00e1tico em detrimento do atendimento a necessidades b\u00e1sicas.<\/p>\n<h2>Criticas ao Remanejamento de Verbas<\/h2>\n<p>A movimenta\u00e7\u00e3o de recursos financeiros do or\u00e7amento p\u00fablico deve sempre ser cercada de transpar\u00eancia e justificativas claras. No entanto, as cr\u00edticas s\u00e3o apontadas por v\u00e1rios setores da sociedade, que demandam uma explica\u00e7\u00e3o s\u00f3lida sobre a necessidade deste remanejamento e sua avalia\u00e7\u00e3o. A alega\u00e7\u00e3o de que a quantia realocada \u00e9 uma pequena parte do total destinado \u00e0 pol\u00edtica para idosos n\u00e3o \u00e9 suficiente para acalmar os \u00e2nimos, j\u00e1 que o impacto nas vidas dos cidad\u00e3os \u00e9 muito mais profundo do que meramente considerado em n\u00fameros.<\/p>\n<h2>Propostas para a Prote\u00e7\u00e3o do Idoso<\/h2>\n<p>Na busca por solu\u00e7\u00f5es para essas quest\u00f5es, v\u00e1rias sugest\u00f5es t\u00eam sido apresentadas por ativistas e legisladores. A cria\u00e7\u00e3o de um fundo espec\u00edfico que garanta a continuidade dos programas assistenciais para idosos, investimento em campanhas de conscientiza\u00e7\u00e3o sobre os direitos dessa popula\u00e7\u00e3o, e a implementa\u00e7\u00e3o de um comit\u00ea que audite a destina\u00e7\u00e3o das verbas p\u00fablicas s\u00e3o algumas das propostas que visam mitigar os efeitos das mudan\u00e7as or\u00e7ament\u00e1rias.<\/p>\n<h2>A Popula\u00e7\u00e3o em Risco com os Cortes<\/h2>\n<p>A realidade \u00e9 que a popula\u00e7\u00e3o idosa, j\u00e1 por si s\u00f3 em uma condi\u00e7\u00e3o de vulnerabilidade, corre o risco de ver sua qualidade de vida ainda mais comprometida com a retirada desses recursos. Os idosos n\u00e3o apenas enfrentam riscos de sa\u00fade, mas tamb\u00e9m s\u00e3o sujeitos ao isolamento e \u00e0 exclus\u00e3o social. O impacto dos cortes pode ser visto n\u00e3o apenas na perda de recursos, mas tamb\u00e9m na falta de um suporte psicol\u00f3gico e social vital que as pol\u00edticas p\u00fablicas deveriam garantir.<\/p>\n<h2>Import\u00e2ncia do Transporte P\u00fablico em SP<\/h2>\n<p>O transporte p\u00fablico \u00e9 um pilar crucial que conecta a popula\u00e7\u00e3o a diversas oportunidades de trabalho, sa\u00fade e lazer. Com a redu\u00e7\u00e3o no or\u00e7amento destinado ao transporte, surgem preocupa\u00e7\u00f5es sobre a acessibilidade e a efici\u00eancia dos servi\u00e7os. Cada vez mais, um transporte p\u00fablico bem estruturado \u00e9 essencial para garantir que todos os cidad\u00e3os, especialmente idosos, possam se deslocar com seguran\u00e7a e dignidade por S\u00e3o Paulo.<\/p>\n<h2>Perspectivas Futuras para a Pol\u00edtica Municipal<\/h2>\n<p>As perspectivas futuras para as pol\u00edticas p\u00fablicas em S\u00e3o Paulo devem incluir uma reavalia\u00e7\u00e3o cr\u00edtica das prioridades or\u00e7ament\u00e1rias. A luta de figuras como Erika Hilton e Amanda Paschoal reflete uma necessidade coletiva de defesa dos servi\u00e7os sociais essenciais. A gest\u00e3o municipal enfrentar\u00e1 desafios n\u00e3o apenas em satisfazer as exig\u00eancias legais, mas tamb\u00e9m em restaurar a confian\u00e7a do p\u00fablico na administra\u00e7\u00e3o. O olhar para um futuro mais justo e equitativo deve integrar a sensibilidade necess\u00e1ria para atender a uma das popula\u00e7\u00f5es mais afetadas pela desigualdade social.<\/p>\n\n<div style=\"font-size: 0px; height: 0px; line-height: 0px; margin: 0; padding: 0; clear: both;\"><\/div>","protected":false},"excerpt":{"rendered":"<p>Erika Hilton e Amanda Paschoal agem contra Cortes na verba de idosos e \u00f4nibus em SP.<\/p>\n","protected":false},"author":1,"featured_media":3159,"comment_status":"open","ping_status":"closed","sticky":false,"template":"","format":"standard","meta":{"footnotes":""},"categories":[6],"tags":[],"class_list":["post-3160","post","type-post","status-publish","format-standard","has-post-thumbnail","hentry","category-noticias-na-bela-vista","has_thumb"],"aioseo_notices":[],"_links":{"self":[{"href":"https:\/\/www.encontrabelavista.com.br\/sobre\/wp-json\/wp\/v2\/posts\/3160","targetHints":{"allow":["GET"]}}],"collection":[{"href":"https:\/\/www.encontrabelavista.com.br\/sobre\/wp-json\/wp\/v2\/posts"}],"about":[{"href":"https:\/\/www.encontrabelavista.com.br\/sobre\/wp-json\/wp\/v2\/types\/post"}],"author":[{"embeddable":true,"href":"https:\/\/www.encontrabelavista.com.br\/sobre\/wp-json\/wp\/v2\/users\/1"}],"replies":[{"embeddable":true,"href":"https:\/\/www.encontrabelavista.com.br\/sobre\/wp-json\/wp\/v2\/comments?post=3160"}],"version-history":[{"count":0,"href":"https:\/\/www.encontrabelavista.com.br\/sobre\/wp-json\/wp\/v2\/posts\/3160\/revisions"}],"wp:featuredmedia":[{"embeddable":true,"href":"https:\/\/www.encontrabelavista.com.br\/sobre\/wp-json\/wp\/v2\/media\/3159"}],"wp:attachment":[{"href":"https:\/\/www.encontrabelavista.com.br\/sobre\/wp-json\/wp\/v2\/media?parent=3160"}],"wp:term":[{"taxonomy":"category","embeddable":true,"href":"https:\/\/www.encontrabelavista.com.br\/sobre\/wp-json\/wp\/v2\/categories?post=3160"},{"taxonomy":"post_tag","embeddable":true,"href":"https:\/\/www.encontrabelavista.com.br\/sobre\/wp-json\/wp\/v2\/tags?post=3160"}],"curies":[{"name":"wp","href":"https:\/\/api.w.org\/{rel}","templated":true}]}}