{"id":3162,"date":"2026-04-26T09:16:29","date_gmt":"2026-04-26T12:16:29","guid":{"rendered":"https:\/\/www.encontrabelavista.com.br\/sobre\/vao-livre-do-masp-recebe-programacao-gratuita-com-djs-yoga-e-oficinas\/"},"modified":"2026-04-26T09:16:29","modified_gmt":"2026-04-26T12:16:29","slug":"vao-livre-do-masp-recebe-programacao-gratuita-com-djs-yoga-e-oficinas","status":"publish","type":"post","link":"https:\/\/www.encontrabelavista.com.br\/sobre\/vao-livre-do-masp-recebe-programacao-gratuita-com-djs-yoga-e-oficinas\/","title":{"rendered":"V\u00e3o Livre do MASP recebe programa\u00e7\u00e3o gratuita com DJs, yoga e oficinas"},"content":{"rendered":"<div class=\"66f7afe30d5ab11a5499ffbde64f8398\" data-index=\"1\" style=\"float: none; margin:0px;\">\n<!-- Anuncio display - global -->\r\n<ins class=\"adsbygoogle\"\r\n     style=\"display:block\"\r\n     data-ad-client=\"ca-pub-8585364105181520\"\r\n     data-ad-slot=\"8789329856\"\r\n     data-ad-format=\"auto\"\r\n     data-full-width-responsive=\"true\"><\/ins>\r\n<script>\r\n     (adsbygoogle = window.adsbygoogle || []).push({});\r\n<\/script>\r\n\n<\/div>\n<h2>O que \u00e9 o V\u00e3o Livre do MASP?<\/h2>\n<p>O V\u00e3o Livre do MASP, localizado na ic\u00f4nica Avenida Paulista, transforma-se em um espa\u00e7o de interatividade cultural durante o m\u00eas de abril. O objetivo principal \u00e9 democratizar o acesso \u00e0 arte, \u00e0 sa\u00fade e \u00e0 boa m\u00fasica. Este \u00e9 um espa\u00e7o aberto a todos, onde diferentes manifesta\u00e7\u00f5es art\u00edsticas podem ser apreciadas sem custos.<\/p>\n<h2>Datas e Hor\u00e1rios das Atividades<\/h2>\n<p>Os eventos ocorrer\u00e3o de 1\u00ba de abril at\u00e9 30 de abril de 2026, sempre nas sextas-feiras, s\u00e1bados e domingos. As programa\u00e7\u00f5es variam entre m\u00fasica, dan\u00e7a e oficinas criativas, acontecendo em hor\u00e1rios espec\u00edficos que proporcionam experi\u00eancias ricas para todos os visitantes.<\/p>\n<h2>M\u00fasica e Dan\u00e7a nas Sextas-Feiras<\/h2>\n<p>As noites de sexta-feiras s\u00e3o dedicadas \u00e0 m\u00fasica, criando um ambiente de festa e dan\u00e7a. Com DJs renomados, o V\u00e3o Livre promete noites de divers\u00e3o com ritmos variados. A intera\u00e7\u00e3o \u00e9 garantida e os visitantes s\u00e3o incentivados a dan\u00e7ar e aproveitar a atmosfera vibrante.<\/p>\n<p><img decoding=\"async\" src=\"https:\/\/www.encontrabelavista.com.br\/sobre\/wp-content\/uploads\/vao-livre-do-masp-recebe-programacao-gratuita-com-djs-yoga-e-oficinas.webp\" alt=\"programa\u00e7\u00e3o gratuita MASP\" loading=\"lazy\" \/><\/p>\n<h2>Oficinas Criativas aos S\u00e1bados<\/h2>\n<p>A programa\u00e7\u00e3o aos s\u00e1bados \u00e9 focada em oficinas pr\u00e1ticas. Os visitantes t\u00eam a oportunidade de participar de atividades como a cria\u00e7\u00e3o de tirinhas e cartuns, onde podem expressar sua criatividade. As oficinas incentivam a participa\u00e7\u00e3o ativa e proporcionam aprendizado em diferentes \u00e1reas art\u00edsticas.<\/p>\n<h2>Yoga ao Ar Livre aos Domingos<\/h2>\n<p>Os domingos s\u00e3o destinados ao relaxamento, com aulas de yoga ao ar livre. Os participantes s\u00e3o convidados a levar seus pr\u00f3prios tapetes e desfrutar de uma experi\u00eancia \u00fanica, que combina a pr\u00e1tica de yoga com o contato direto com a natureza e a energia pulsante da Avenida Paulista.<\/p>\n<h2>DJs de Destaque na Programa\u00e7\u00e3o<\/h2>\n<p>Entre os DJs que se destacam na programa\u00e7\u00e3o, podemos citar Pathy Dejesus, conhecida por seu repert\u00f3rio diversificado e empolgante. Claudia Manzo, do BaianaSystem, tamb\u00e9m promete trazer ritmos latino-americanos contempor\u00e2neos para a festa. O lineup \u00e9 cuidadosamente administrado para garantir uma experi\u00eancia musical variada e de qualidade.<\/p>\n<h2>Mestres das Oficinas<\/h2>\n<p>As oficinas ser\u00e3o conduzidas por profissionais reconhecidos. Por exemplo, a quadrinista Carol Ito levar\u00e1 sua expertise para ensinar sobre a cria\u00e7\u00e3o de tirinhas e cartuns, oferecendo uma rara oportunidade de aprender com uma artista premiada. Outros mestres tamb\u00e9m estar\u00e3o presentes, cada um trazendo um aspecto \u00fanico para as oficinas.<\/p>\n<h2>Acessibilidade no V\u00e3o Livre do MASP<\/h2>\n<p>Um aspecto essencial do V\u00e3o Livre \u00e9 a sua acessibilidade. O espa\u00e7o \u00e9 projetado para receber todos, garantindo que pessoas com defici\u00eancia possam participar das atividades e aproveitar a programa\u00e7\u00e3o completa. A inclus\u00e3o \u00e9 priorizada, oferecendo um ambiente acolhedor e acess\u00edvel.<\/p>\n<h2>Como Participar da Programa\u00e7\u00e3o<\/h2>\n<p>Para participar das atividades no V\u00e3o Livre, os interessados devem ficar atentos \u00e0 programa\u00e7\u00e3o que ser\u00e1 divulgada no site oficial do MASP. A participa\u00e7\u00e3o \u00e9 totalmente gratuita, basta comparecer e se inscrever quando necess\u00e1rio, especialmente para as oficinas que podem ter um n\u00famero limitado de vagas.<\/p>\n<h2>Experi\u00eancias Culturais Gratuitas em SP<\/h2>\n<p>O V\u00e3o Livre do MASP \u00e9 uma excelente oportunidade para quem busca experi\u00eancias culturais ricas e gratuitas em S\u00e3o Paulo. A programa\u00e7\u00e3o diversificada e acess\u00edvel \u00e9 uma forma de criar la\u00e7os entre a comunidade e a arte, convidando todos a vivenciarem um pouco da magia cultural da cidade. Aqui, arte e cultura andam de m\u00e3os dadas, proporcionando momentos inesquec\u00edveis para todos os visitantes.<\/p>\n\n<div style=\"font-size: 0px; height: 0px; line-height: 0px; margin: 0; padding: 0; clear: both;\"><\/div>","protected":false},"excerpt":{"rendered":"<p>V\u00e3o Livre do MASP traz programa\u00e7\u00e3o gratuita incr\u00edvel para abril!<\/p>\n","protected":false},"author":1,"featured_media":3161,"comment_status":"open","ping_status":"closed","sticky":false,"template":"","format":"standard","meta":{"footnotes":""},"categories":[6],"tags":[],"class_list":["post-3162","post","type-post","status-publish","format-standard","has-post-thumbnail","hentry","category-noticias-na-bela-vista","has_thumb"],"aioseo_notices":[],"_links":{"self":[{"href":"https:\/\/www.encontrabelavista.com.br\/sobre\/wp-json\/wp\/v2\/posts\/3162","targetHints":{"allow":["GET"]}}],"collection":[{"href":"https:\/\/www.encontrabelavista.com.br\/sobre\/wp-json\/wp\/v2\/posts"}],"about":[{"href":"https:\/\/www.encontrabelavista.com.br\/sobre\/wp-json\/wp\/v2\/types\/post"}],"author":[{"embeddable":true,"href":"https:\/\/www.encontrabelavista.com.br\/sobre\/wp-json\/wp\/v2\/users\/1"}],"replies":[{"embeddable":true,"href":"https:\/\/www.encontrabelavista.com.br\/sobre\/wp-json\/wp\/v2\/comments?post=3162"}],"version-history":[{"count":0,"href":"https:\/\/www.encontrabelavista.com.br\/sobre\/wp-json\/wp\/v2\/posts\/3162\/revisions"}],"wp:featuredmedia":[{"embeddable":true,"href":"https:\/\/www.encontrabelavista.com.br\/sobre\/wp-json\/wp\/v2\/media\/3161"}],"wp:attachment":[{"href":"https:\/\/www.encontrabelavista.com.br\/sobre\/wp-json\/wp\/v2\/media?parent=3162"}],"wp:term":[{"taxonomy":"category","embeddable":true,"href":"https:\/\/www.encontrabelavista.com.br\/sobre\/wp-json\/wp\/v2\/categories?post=3162"},{"taxonomy":"post_tag","embeddable":true,"href":"https:\/\/www.encontrabelavista.com.br\/sobre\/wp-json\/wp\/v2\/tags?post=3162"}],"curies":[{"name":"wp","href":"https:\/\/api.w.org\/{rel}","templated":true}]}}