{"id":3164,"date":"2026-04-27T09:04:49","date_gmt":"2026-04-27T12:04:49","guid":{"rendered":"https:\/\/www.encontrabelavista.com.br\/sobre\/samba-do-holerite\/"},"modified":"2026-04-27T09:04:49","modified_gmt":"2026-04-27T12:04:49","slug":"samba-do-holerite","status":"publish","type":"post","link":"https:\/\/www.encontrabelavista.com.br\/sobre\/samba-do-holerite\/","title":{"rendered":"Samba do Holerite"},"content":{"rendered":"<div class=\"66f7afe30d5ab11a5499ffbde64f8398\" data-index=\"1\" style=\"float: none; margin:0px;\">\n<!-- Anuncio display - global -->\r\n<ins class=\"adsbygoogle\"\r\n     style=\"display:block\"\r\n     data-ad-client=\"ca-pub-8585364105181520\"\r\n     data-ad-slot=\"8789329856\"\r\n     data-ad-format=\"auto\"\r\n     data-full-width-responsive=\"true\"><\/ins>\r\n<script>\r\n     (adsbygoogle = window.adsbygoogle || []).push({});\r\n<\/script>\r\n\n<\/div>\n<h2>O Que \u00e9 o Samba do Holerite?<\/h2>\n<p>O <strong>Samba do Holerite<\/strong> \u00e9 uma iniciativa musical que ganhou vida em 2025, com o intuito de suprir a car\u00eancia de espa\u00e7os voltados ao <strong>samba<\/strong> na \u00e1rea do Bixiga, em S\u00e3o Paulo. Este projeto foi idealizado especialmente \u00e0s segundas-feiras, que \u00e9 o dia de folga para muitos m\u00fasicos, permitindo que eles se re\u00fanam e celebrem a cultura do samba em um ambiente acolhedor e festivo. <\/p>\n<h2>A Origem do Projeto<\/h2>\n<p>A ideia do Samba do Holerite surgiu em uma conversa entre amigos m\u00fasicos, no bar de samba conhecido como <strong>A Toca da Capivara<\/strong>. Durante um bate-papo regado a m\u00fasica e boa companhia, notou-se que o local estava geralmente fechado nas segundas-feiras, o que representava uma perda de oportunidade para fomentar o samba. Com um dos participantes sendo s\u00f3cio do bar, a conversa rapidamente evoluiu para uma proposta concreta de abrir o espa\u00e7o \u00e0s segundas-feiras, criando um novo ponto de encontro para a comunidade.<\/p>\n<h2>Como Funciona o Evento<\/h2>\n<p>A din\u00e2mica do evento \u00e9 simples e envolvente. A cada segunda-feira, o p\u00fablico \u00e9 convidado a se juntar ao <strong>Samba do Holerite<\/strong> no Quintal, onde m\u00fasicos se apresentam ao vivo, formando uma roda de samba vibrante. Al\u00e9m das apresenta\u00e7\u00f5es, \u00e9 um momento prop\u00edcio para a troca de experi\u00eancias entre m\u00fasicos e amantes do samba, e para a celebra\u00e7\u00e3o coletiva da arte. A entrada \u00e9 gratuita, permitindo que mais pessoas possam usufruir do que o samba tem a oferecer.<\/p>\n<p><img decoding=\"async\" src=\"https:\/\/www.encontrabelavista.com.br\/sobre\/wp-content\/uploads\/samba-do-holerite.webp\" alt=\"Samba do Holerite\" loading=\"lazy\" \/><\/p>\n<h2>Localiza\u00e7\u00e3o e Acesso<\/h2>\n<p>O evento acontece em uma localiza\u00e7\u00e3o central e acess\u00edvel, no <strong>bairro do Bixiga<\/strong>, que \u00e9 um dos ber\u00e7os do samba na cidade de S\u00e3o Paulo. Com f\u00e1cil acesso por transporte p\u00fablico e espa\u00e7o adequado para receber uma boa quantidade de p\u00fablico, a Toca da Capivara se torna o cen\u00e1rio ideal para esta celebra\u00e7\u00e3o semanal. Para quem utilizar transporte p\u00fablico, a regi\u00e3o conta com v\u00e1rias linhas de \u00f4nibus e est\u00e1 pr\u00f3xima de esta\u00e7\u00f5es de metr\u00f4, facilitando ainda mais a chegada dos participantes.<\/p>\n<h2>Data e Hor\u00e1rio do Evento<\/h2>\n<p>O <strong>Samba do Holerite<\/strong> ocorre todas as segundas-feiras, sempre com in\u00edcio \u00e0s <strong>16h00<\/strong> e t\u00e9rmino \u00e0s <strong>17h00<\/strong>. Os organizadores incentivam que o p\u00fablico chegue cedo para garantir um bom lugar e aproveitar plenamente os momentos de samba que prometem ser animados. A periodicidade semanal fortalece a tradi\u00e7\u00e3o e o compromisso em manter vivo o esp\u00edrito do samba.<\/p>\n<h2>A Import\u00e2ncia Cultural do Samba<\/h2>\n<p>O samba \u00e9 mais do que apenas um g\u00eanero musical; \u00e9 um pilar da cultura brasileira, repleto de hist\u00f3rias, emo\u00e7\u00f5es e tradi\u00e7\u00f5es. O <strong>Samba do Holerite<\/strong> desempenha um papel crucial em manter viva essa cultura ao proporcionar um espa\u00e7o regular para que m\u00fasicos e apreciadores possam se conectar. Nesses encontros, al\u00e9m da m\u00fasica, s\u00e3o valorizadas hist\u00f3rias, passos de dan\u00e7a e as influ\u00eancias que cada um traz pra o g\u00eanero, promovendo uma rica troca cultural.<\/p>\n<h2>Depoimentos de M\u00fasicos<\/h2>\n<p>De acordo com os m\u00fasicos que participam do <strong>Samba do Holerite<\/strong>, a experi\u00eancia \u00e9 extremamente gratificante. Muitos relatam a alegria de poder tocar e interagir com o p\u00fablico, al\u00e9m de rever amigos e colegas de profiss\u00e3o. &#8220;O samba \u00e9 uma parte de mim, e poder toc\u00e1-lo em um espa\u00e7o que entendo ser meu \u00e9 uma sensa\u00e7\u00e3o indescrit\u00edvel&#8221;, comenta um dos frequentadores regulares.<\/p>\n<h2>Impacto na Comunidade<\/h2>\n<p>O evento vem se mostrando fundamental para a comunidade do Bixiga, n\u00e3o apenas como um ponto de encontro, mas tamb\u00e9m como um motor para o fortalecimento e a revitaliza\u00e7\u00e3o da cultura local. Ele atrai pessoas de diversas idades e origens, unindo-as em torno da aprecia\u00e7\u00e3o da m\u00fasica. Al\u00e9m disso, o <strong>Samba do Holerite<\/strong> representa uma oportunidade de renda e visibilidade para os m\u00fasicos locais, contribuindo para o aquecimento da economia cultural na regi\u00e3o.<\/p>\n<h2>Programa\u00e7\u00e3o Especial<\/h2>\n<p>Eventualmente, o <strong>Samba do Holerite<\/strong> apresenta programa\u00e7\u00f5es especiais, como homenagens a artistas do samba e festividades em datas comemorativas. Nesses dias, convidados especiais podem ser chamados para se apresentar, enriquecendo ainda mais a experi\u00eancia para os participantes. Essas iniciativas ajudam a trazer novos p\u00fablicos e aumentam a troca de experi\u00eancias dentro da roda de samba.<\/p>\n<h2>Como Participar do Samba do Holerite<\/h2>\n<p>Para participar do <strong>Samba do Holerite<\/strong>, basta comparecer ao evento nas segundas-feiras. N\u00e3o h\u00e1 necessidade de ingressos, o que torna o evento acess\u00edvel a todos. Para os m\u00fasicos interessados em se apresentar, \u00e9 recomendado chegar cedo, pois pode haver uma lista de chamada para aqueles que desejam tocar. O ambiente \u00e9 acolhedor e celebra a diversidade musical, convidando todos a participarem de forma coletiva.<\/p>\n\n<div style=\"font-size: 0px; height: 0px; line-height: 0px; margin: 0; padding: 0; clear: both;\"><\/div>","protected":false},"excerpt":{"rendered":"<p>Samba do Holerite traz um novo espa\u00e7o para amantes do samba em S\u00e3o Paulo.<\/p>\n","protected":false},"author":1,"featured_media":3163,"comment_status":"open","ping_status":"closed","sticky":false,"template":"","format":"standard","meta":{"footnotes":""},"categories":[6],"tags":[],"class_list":["post-3164","post","type-post","status-publish","format-standard","has-post-thumbnail","hentry","category-noticias-na-bela-vista","has_thumb"],"aioseo_notices":[],"_links":{"self":[{"href":"https:\/\/www.encontrabelavista.com.br\/sobre\/wp-json\/wp\/v2\/posts\/3164","targetHints":{"allow":["GET"]}}],"collection":[{"href":"https:\/\/www.encontrabelavista.com.br\/sobre\/wp-json\/wp\/v2\/posts"}],"about":[{"href":"https:\/\/www.encontrabelavista.com.br\/sobre\/wp-json\/wp\/v2\/types\/post"}],"author":[{"embeddable":true,"href":"https:\/\/www.encontrabelavista.com.br\/sobre\/wp-json\/wp\/v2\/users\/1"}],"replies":[{"embeddable":true,"href":"https:\/\/www.encontrabelavista.com.br\/sobre\/wp-json\/wp\/v2\/comments?post=3164"}],"version-history":[{"count":0,"href":"https:\/\/www.encontrabelavista.com.br\/sobre\/wp-json\/wp\/v2\/posts\/3164\/revisions"}],"wp:featuredmedia":[{"embeddable":true,"href":"https:\/\/www.encontrabelavista.com.br\/sobre\/wp-json\/wp\/v2\/media\/3163"}],"wp:attachment":[{"href":"https:\/\/www.encontrabelavista.com.br\/sobre\/wp-json\/wp\/v2\/media?parent=3164"}],"wp:term":[{"taxonomy":"category","embeddable":true,"href":"https:\/\/www.encontrabelavista.com.br\/sobre\/wp-json\/wp\/v2\/categories?post=3164"},{"taxonomy":"post_tag","embeddable":true,"href":"https:\/\/www.encontrabelavista.com.br\/sobre\/wp-json\/wp\/v2\/tags?post=3164"}],"curies":[{"name":"wp","href":"https:\/\/api.w.org\/{rel}","templated":true}]}}