{"id":3166,"date":"2026-04-27T09:07:04","date_gmt":"2026-04-27T12:07:04","guid":{"rendered":"https:\/\/www.encontrabelavista.com.br\/sobre\/ex\/"},"modified":"2026-04-27T09:07:04","modified_gmt":"2026-04-27T12:07:04","slug":"ex","status":"publish","type":"post","link":"https:\/\/www.encontrabelavista.com.br\/sobre\/ex\/","title":{"rendered":"Ex"},"content":{"rendered":"<div class=\"66f7afe30d5ab11a5499ffbde64f8398\" data-index=\"1\" style=\"float: none; margin:0px;\">\n<!-- Anuncio display - global -->\r\n<ins class=\"adsbygoogle\"\r\n     style=\"display:block\"\r\n     data-ad-client=\"ca-pub-8585364105181520\"\r\n     data-ad-slot=\"8789329856\"\r\n     data-ad-format=\"auto\"\r\n     data-full-width-responsive=\"true\"><\/ins>\r\n<script>\r\n     (adsbygoogle = window.adsbygoogle || []).push({});\r\n<\/script>\r\n\n<\/div>\n<h2>O que aconteceu no ataque na escola de Suzano<\/h2>\n<p>Na tarde de uma ter\u00e7a-feira, um ex-aluno de 18 anos cometeu um ataque chocante na Escola Municipal Professora Ignez de Castro Almeida Mayer, localizada em Suzano. O jovem invadiu a escola, invocando terror entre alunos e professores ao ferir uma professora com uma espada. O incidente ocorreu por volta das 13h27, quando o suspeito conseguiu entrar na institui\u00e7\u00e3o ao pular um muro lateral de aproximadamente dois metros. Um alerta foi disparado imediatamente, e uma professora, percebendo a invas\u00e3o, acionou o bot\u00e3o de p\u00e2nico um minuto depois.<\/p>\n<h2>V\u00edtimas do ataque: estado de sa\u00fade da professora<\/h2>\n<p>A professora ferida durante o ataque foi rapidamente socorrida e levada ao Hospital Santa Maria. Ela passou por uma cirurgia ortop\u00e9dica nas m\u00e3os e, de acordo com a equipe m\u00e9dica, seu estado de sa\u00fade \u00e9 considerado est\u00e1vel. Durante a situa\u00e7\u00e3o, o agressor tamb\u00e9m se feriu, o que levou a uma resposta r\u00e1pida dos servi\u00e7os de emerg\u00eancia. Assim que as autoridades chegaram ao local, o corpo de seguran\u00e7a contido o suspeito antes que mais ferimentos ocorressem.<\/p>\n<h2>Rea\u00e7\u00e3o da comunidade escolar ap\u00f3s o incidente<\/h2>\n<p>A comunidade escolar, chocada e abalada, reagiu com grande preocupa\u00e7\u00e3o \u00e0s not\u00edcias do ataque. Os alunos foram imediatamente dispensados, e as fam\u00edlias foram informadas sobre a situa\u00e7\u00e3o. A administra\u00e7\u00e3o municipal implementou protocolos de seguran\u00e7a rigorosos, incluindo o fechamento de salas e o acionamento das for\u00e7as de seguran\u00e7a no local. A escola se tornou um centro de apoio, onde a sa\u00fade mental dos alunos e do pessoal come\u00e7ou a ser priorizada, com a administra\u00e7\u00e3o local tomando medidas para oferecer suporte psicol\u00f3gico.<\/p>\n<p><img decoding=\"async\" src=\"https:\/\/www.encontrabelavista.com.br\/sobre\/wp-content\/uploads\/ex.webp\" alt=\"\" loading=\"lazy\" \/><\/p>\n<h2>Medidas de seguran\u00e7a em escolas ap\u00f3s o ataque<\/h2>\n<p>Ap\u00f3s eventos de ataques como o de Suzano, as discuss\u00f5es sobre medidas de seguran\u00e7a em escolas ganham for\u00e7a. A administra\u00e7\u00e3o da escola, em colabora\u00e7\u00e3o com a Pol\u00edcia Militar e a Guarda Civil Municipal, revisou seus protocolos de seguran\u00e7a, com \u00eanfase em preven\u00e7\u00e3o e resposta a emerg\u00eancias. Algumas medidas incluem:<\/p>\n<ul>\n<li><strong>C\u00e2meras de vigil\u00e2ncia:<\/strong> A instala\u00e7\u00e3o de c\u00e2meras em pontos estrat\u00e9gicos da escola para monitorar atividades e garantir seguran\u00e7a.<\/li>\n<li><strong>Treinamento de funcion\u00e1rios:<\/strong> Capacita\u00e7\u00e3o de professores e funcion\u00e1rios sobre como agir em caso de emerg\u00eancia e reconhecer sinais de alerta.<\/li>\n<li><strong>Pais e comunidade:<\/strong> Fortalecimento da comunica\u00e7\u00e3o entre a escola e as fam\u00edlias dos alunos, promovendo reuni\u00f5es regulares para discutir seguran\u00e7a e bem-estar.<\/li>\n<\/ul>\n<h2>Como o ataque impactou o calend\u00e1rio escolar<\/h2>\n<p>O ataque na escola de Suzano teve um impacto imediato no calend\u00e1rio escolar. Logo ap\u00f3s o incidente, as aulas foram suspensas para permitir que os alunos e funcion\u00e1rios se recuperassem emocionalmente. A data de retorno \u00e0s atividades escolares remarcar\u00e1 o hor\u00e1rio das aulas, e os respons\u00e1veis pela unidade educacional se comprometeram a assegurar que os alunos estejam prontos para voltar ao ambiente escolar seguro e acolhedor. Em algumas semanas, o calend\u00e1rio escolar poder\u00e1 ser ajustado, com flexibiliza\u00e7\u00f5es em atividades e avalia\u00e7\u00f5es.<\/p>\n<h2>An\u00e1lise do perfil do agressor<\/h2>\n<p>O autor do ataque apresenta um perfil que genera discuss\u00f5es sobre preven\u00e7\u00e3o e identifica\u00e7\u00e3o de potenciais amea\u00e7as em ambientes escolares. Relatos sugerem que o jovem ex-aluno apresentava problemas, reflex\u00f5es sobre sua hist\u00f3rico familiar e social, bem como quest\u00f5es psicol\u00f3gicas. \u00c9 imperativo que a sociedade aprenda a reconhecer e tratar sinaliza\u00e7\u00f5es de viol\u00eancia, assegurando suporte a jovens em situa\u00e7\u00f5es vulner\u00e1veis para evitar trag\u00e9dias futuras.<\/p>\n<h2>Resposta das autoridades: pol\u00edcia e prefeitura<\/h2>\n<p>A resposta das autoridades ao ataque foi r\u00e1pida e coordenada. A Pol\u00edcia Militar chegou ao local poucos minutos ap\u00f3s o disparo do bot\u00e3o de p\u00e2nico, demonstrando a import\u00e2ncia de sistemas de alerta eficientes. As investiga\u00e7\u00f5es est\u00e3o em andamento, com apoio da Pol\u00edcia Civil, que est\u00e1 coletando testemunhos e evidencia do ocorrido, utilizando as grava\u00e7\u00f5es das c\u00e2meras de seguran\u00e7a para elucidar os detalhes do incidente.<\/p>\n<h2>A import\u00e2ncia da sa\u00fade mental na preven\u00e7\u00e3o<\/h2>\n<p>Este incidente trouxe \u00e0 tona a necessidade de se priorizar a sa\u00fade mental nas escolas, especialmente ap\u00f3s situa\u00e7\u00f5es de viol\u00eancia. Profissionais de sa\u00fade mental foram mobilizados para fornecer apoio \u00e0s v\u00edtimas e tamb\u00e9m para os alunos que presenciaram a situa\u00e7\u00e3o. A cria\u00e7\u00e3o de programas de acolhimento psicol\u00f3gico nas escolas pode ser uma estrat\u00e9gia vital para construir ambientes escolares mais seguros, onde os alunos se sintam valorizados e protegidos.<\/p>\n<h2>Debate sobre seguran\u00e7a nas institui\u00e7\u00f5es educativas<\/h2>\n<p>O ataque \u00e0 escola em Suzano intensificou o debate sobre seguran\u00e7a nas institui\u00e7\u00f5es educativas em todo o pa\u00eds. Diversas associa\u00e7\u00f5es educacionais e governamentais est\u00e3o promovendo di\u00e1logos sobre como refor\u00e7ar a seguran\u00e7a nas escolas e como prevenir novas trag\u00e9dias. A forma\u00e7\u00e3o cont\u00ednua de educadores em quest\u00f5es de seguran\u00e7a e a promo\u00e7\u00e3o de um ambiente escolar saud\u00e1vel s\u00e3o essenciais.<\/p>\n<h2>Como enfrentar traumas em situa\u00e7\u00f5es de viol\u00eancia<\/h2>\n<p>O trauma causado por incidentes violentos pode ter efeitos duradouros nas v\u00edtimas e nas comunidades. As estrat\u00e9gias de enfrentamento devem ser multidimensionais, envolvendo terapia, grupos de suporte e atividades que promovam a resili\u00eancia. O apoio p\u00f3s-trauma deve ser acess\u00edvel, e campanhas de conscientiza\u00e7\u00e3o sobre os efeitos psicossociais do trauma s\u00e3o fundamentais para auxiliar no processo de recupera\u00e7\u00e3o.<\/p>\n\n<div style=\"font-size: 0px; height: 0px; line-height: 0px; margin: 0; padding: 0; clear: both;\"><\/div>","protected":false},"excerpt":{"rendered":"<p>Ap\u00f3s ataque em escola em Suzano, professora ferida e ex-aluno hospitalizados.<\/p>\n","protected":false},"author":1,"featured_media":3165,"comment_status":"open","ping_status":"closed","sticky":false,"template":"","format":"standard","meta":{"footnotes":""},"categories":[6],"tags":[],"class_list":["post-3166","post","type-post","status-publish","format-standard","has-post-thumbnail","hentry","category-noticias-na-bela-vista","has_thumb"],"aioseo_notices":[],"_links":{"self":[{"href":"https:\/\/www.encontrabelavista.com.br\/sobre\/wp-json\/wp\/v2\/posts\/3166","targetHints":{"allow":["GET"]}}],"collection":[{"href":"https:\/\/www.encontrabelavista.com.br\/sobre\/wp-json\/wp\/v2\/posts"}],"about":[{"href":"https:\/\/www.encontrabelavista.com.br\/sobre\/wp-json\/wp\/v2\/types\/post"}],"author":[{"embeddable":true,"href":"https:\/\/www.encontrabelavista.com.br\/sobre\/wp-json\/wp\/v2\/users\/1"}],"replies":[{"embeddable":true,"href":"https:\/\/www.encontrabelavista.com.br\/sobre\/wp-json\/wp\/v2\/comments?post=3166"}],"version-history":[{"count":0,"href":"https:\/\/www.encontrabelavista.com.br\/sobre\/wp-json\/wp\/v2\/posts\/3166\/revisions"}],"wp:featuredmedia":[{"embeddable":true,"href":"https:\/\/www.encontrabelavista.com.br\/sobre\/wp-json\/wp\/v2\/media\/3165"}],"wp:attachment":[{"href":"https:\/\/www.encontrabelavista.com.br\/sobre\/wp-json\/wp\/v2\/media?parent=3166"}],"wp:term":[{"taxonomy":"category","embeddable":true,"href":"https:\/\/www.encontrabelavista.com.br\/sobre\/wp-json\/wp\/v2\/categories?post=3166"},{"taxonomy":"post_tag","embeddable":true,"href":"https:\/\/www.encontrabelavista.com.br\/sobre\/wp-json\/wp\/v2\/tags?post=3166"}],"curies":[{"name":"wp","href":"https:\/\/api.w.org\/{rel}","templated":true}]}}