{"id":3168,"date":"2026-04-27T09:08:07","date_gmt":"2026-04-27T12:08:07","guid":{"rendered":"https:\/\/www.encontrabelavista.com.br\/sobre\/exposicao-gratuita-no-centro-cultural-fiesp-celebra-grandes-cartunistas-do-brasil\/"},"modified":"2026-04-27T09:08:07","modified_gmt":"2026-04-27T12:08:07","slug":"exposicao-gratuita-no-centro-cultural-fiesp-celebra-grandes-cartunistas-do-brasil","status":"publish","type":"post","link":"https:\/\/www.encontrabelavista.com.br\/sobre\/exposicao-gratuita-no-centro-cultural-fiesp-celebra-grandes-cartunistas-do-brasil\/","title":{"rendered":"Exposi\u00e7\u00e3o gratuita no Centro Cultural FIESP celebra grandes cartunistas do Brasil"},"content":{"rendered":"<div class=\"66f7afe30d5ab11a5499ffbde64f8398\" data-index=\"1\" style=\"float: none; margin:0px;\">\n<!-- Anuncio display - global -->\r\n<ins class=\"adsbygoogle\"\r\n     style=\"display:block\"\r\n     data-ad-client=\"ca-pub-8585364105181520\"\r\n     data-ad-slot=\"8789329856\"\r\n     data-ad-format=\"auto\"\r\n     data-full-width-responsive=\"true\"><\/ins>\r\n<script>\r\n     (adsbygoogle = window.adsbygoogle || []).push({});\r\n<\/script>\r\n\n<\/div>\n<h2>O que esperar da Exposi\u00e7\u00e3o<\/h2>\n<p>A exposi\u00e7\u00e3o \u201cCartunistas\u201d \u00e9 uma fascinante celebra\u00e7\u00e3o do universo dos quadrinhos e das charges, que se instala na Avenida Paulista. Com in\u00edcio marcado para 28 de abril, esse evento \u00e9 uma iniciativa do Centro Cultural FIESP, que promete encantar tanto os apaixonados por arte quanto os f\u00e3s da nona arte. A mostra \u00e9 gratuita e re\u00fane obras que variam entre grandes nomes consagrados e novas vozes do cen\u00e1rio atual dos quadrinhos brasileiros.<\/p>\n<h2>Os Artistas em Destaque<\/h2>\n<p>Entre os artistas que ganham destaque na exposi\u00e7\u00e3o est\u00e3o algumas lendas do humor gr\u00e1fico e da caricatura. Nomes como <strong>Mauricio de Sousa<\/strong>, o criador da famosa Turma da M\u00f4nica, e <strong>Ziraldo<\/strong>, conhecido por sua rica obra, s\u00e3o apenas alguns dos \u00edcones que estar\u00e3o representados. Juntam-se a eles figuras como <strong>Angeli<\/strong> e <strong>Laerte<\/strong>, cujas cria\u00e7\u00f5es s\u00e3o marcantes no imagin\u00e1rio coletivo, bem como novos talentos como <strong>Hel\u00f4 D\u2019Angelo<\/strong> e <strong>Carlos Ruas<\/strong>, cuja arte tem feito sucesso nas redes sociais.<\/p>\n<h2>Qualidade das Fotografias<\/h2>\n<p>A curadoria da mostra, realizada por <strong>Eder Chiodetto<\/strong>, aposta em imagens de alta qualidade. O fot\u00f3grafo <strong>Paulo Vitale<\/strong> apresenta 144 retratos, que al\u00e9m de bem executados s\u00e3o sens\u00edveis, revelando a ess\u00eancia de cada artista. As fotografias n\u00e3o s\u00f3 retratam os artistas, mas tamb\u00e9m condizem com suas obras, criando uma experi\u00eancia visual impressionante que convida o espectador a emergir nas personalidades e no esp\u00edrito criativo de cada um deles.<\/p>\n<p><img decoding=\"async\" src=\"https:\/\/www.encontrabelavista.com.br\/sobre\/wp-content\/uploads\/exposicao-gratuita-no-centro-cultural-fiesp-celebra-grandes-cartunistas-do-brasil.webp\" alt=\"exposi\u00e7\u00e3o cartunistas\" loading=\"lazy\" \/><\/p>\n<h2>Experi\u00eancias Interativas<\/h2>\n<p>Um dos pontos altos da exposi\u00e7\u00e3o s\u00e3o as experi\u00eancias interativas que permitem uma conex\u00e3o mais profunda com as obras e os artistas. \u00c0 medida que o visitante transita pela galeria, encontra pain\u00e9is que promovem um di\u00e1logo direto entre os artistas e o p\u00fablico. Este formato, onde o fot\u00f3grafo se faz praticamente invis\u00edvel, favorece que os visitantes olhem nos olhos dos criadores, estabelecendo uma intera\u00e7\u00e3o quase pessoal e \u00fanica.<\/p>\n<h2>Abertura da Exposi\u00e7\u00e3o<\/h2>\n<p>A abertura da exposi\u00e7\u00e3o ocorrer\u00e1 no dia 28 de abril e incluir\u00e1 eventos especiais, como caricaturas ao vivo, realizadas pelo artista <strong>Ricardo Soares<\/strong> durante a tarde. Essa atividade promete agregar ainda mais valor \u00e0 experi\u00eancia, tornando a visita ao evento n\u00e3o apenas uma aprecia\u00e7\u00e3o do trabalho art\u00edstico, mas tamb\u00e9m uma imers\u00e3o no processo criativo.<\/p>\n<h2>Visitas em Grupo<\/h2>\n<p>Para grupos que desejam visitar a exposi\u00e7\u00e3o, \u00e9 poss\u00edvel agendar visitas guiadas. Essa experi\u00eancia \u00e9 especialmente enriquecedora, pois permite conversas e discuss\u00f5es que podem aprofundar a compreens\u00e3o do trabalho dos cartunistas e das tem\u00e1ticas que permeiam suas obras. \u00c9 uma excelente oportunidade para escolas, universidades e institui\u00e7\u00f5es que buscam valorizar a arte e a educa\u00e7\u00e3o cultural.<\/p>\n<h2>Import\u00e2ncia da Arte e do Humor<\/h2>\n<p>A exposi\u00e7\u00e3o \u201cCartunistas\u201d vai al\u00e9m da simples aprecia\u00e7\u00e3o est\u00e9tica. Ela prop\u00f5e uma reflex\u00e3o sobre a import\u00e2ncia da arte e do humor no cotidiano e na sociedade. Os cartunistas utilizam suas obras para provocar discuss\u00f5es sobre temas pol\u00edticos, sociais e existenciais. A proposta aqui \u00e9, portanto, n\u00e3o s\u00f3 admirar os quadros, mas tamb\u00e9m entender as mensagens e questionamentos que eles nos trazem.<\/p>\n<h2>Programa\u00e7\u00e3o Especial<\/h2>\n<p>Al\u00e9m da abertura em 28 de abril, no dia 2 de maio, acontecer\u00e1 uma palestra muito especial, conduzida pelo cartunista <strong>JAL<\/strong>. O tema discutido ser\u00e1 sobre o uso das HQs na educa\u00e7\u00e3o, evidenciando a relev\u00e2ncia das hist\u00f3rias em quadrinhos como uma ferramenta pedag\u00f3gica poderosa. Essa programa\u00e7\u00e3o interativa promete tornar a visita ainda mais proveitosa e informativa.<\/p>\n<h2>Acessibilidade no Local<\/h2>\n<p>O Centro Cultural FIESP prioriza a inclus\u00e3o e a acessibilidade. As instala\u00e7\u00f5es foram pensadas para serem facilmente acess\u00edveis a todos, incluindo cadeirantes. Com isso, a exposi\u00e7\u00e3o est\u00e1 aberta a um p\u00fablico diverso, garantindo que todos possam desfrutar da arte sem barreiras.<\/p>\n<h2>Como Chegar \u00e0 Exposi\u00e7\u00e3o<\/h2>\n<p>A localiza\u00e7\u00e3o da exposi\u00e7\u00e3o \u00e9 um ponto favor\u00e1vel. Ela est\u00e1 situada na Avenida Paulista, 1313 &#8211; Bela Vista, S\u00e3o Paulo, SP. A proximidade com a esta\u00e7\u00e3o de metr\u00f4 Trianon-Masp facilita o acesso e torna a visita ainda mais acess\u00edvel para aqueles que se utilizam do transporte p\u00fablico. Al\u00e9m disso, a regi\u00e3o \u00e9 rica em op\u00e7\u00f5es de lazer e cultura, proporcionando uma experi\u00eancia ainda mais completa ao visitante.<\/p>\n<p>A exposi\u00e7\u00e3o \u201cCartunistas\u201d promete ser uma ocasi\u00e3o imperd\u00edvel para os amantes da arte e do humor. Com uma programa\u00e7\u00e3o rica, obras impactantes e a chance de interagir com o universo dos quadrinhos, vale a pena agendar uma visita e aproveitar tudo o que este evento \u00fanico tem a oferecer.<\/p>\n\n<div style=\"font-size: 0px; height: 0px; line-height: 0px; margin: 0; padding: 0; clear: both;\"><\/div>","protected":false},"excerpt":{"rendered":"<p>A exposi\u00e7\u00e3o &#8216;Cartunistas&#8217; traz grandes nomes da arte e humor do Brasil.<\/p>\n","protected":false},"author":1,"featured_media":3167,"comment_status":"open","ping_status":"closed","sticky":false,"template":"","format":"standard","meta":{"footnotes":""},"categories":[6],"tags":[],"class_list":["post-3168","post","type-post","status-publish","format-standard","has-post-thumbnail","hentry","category-noticias-na-bela-vista","has_thumb"],"aioseo_notices":[],"_links":{"self":[{"href":"https:\/\/www.encontrabelavista.com.br\/sobre\/wp-json\/wp\/v2\/posts\/3168","targetHints":{"allow":["GET"]}}],"collection":[{"href":"https:\/\/www.encontrabelavista.com.br\/sobre\/wp-json\/wp\/v2\/posts"}],"about":[{"href":"https:\/\/www.encontrabelavista.com.br\/sobre\/wp-json\/wp\/v2\/types\/post"}],"author":[{"embeddable":true,"href":"https:\/\/www.encontrabelavista.com.br\/sobre\/wp-json\/wp\/v2\/users\/1"}],"replies":[{"embeddable":true,"href":"https:\/\/www.encontrabelavista.com.br\/sobre\/wp-json\/wp\/v2\/comments?post=3168"}],"version-history":[{"count":0,"href":"https:\/\/www.encontrabelavista.com.br\/sobre\/wp-json\/wp\/v2\/posts\/3168\/revisions"}],"wp:featuredmedia":[{"embeddable":true,"href":"https:\/\/www.encontrabelavista.com.br\/sobre\/wp-json\/wp\/v2\/media\/3167"}],"wp:attachment":[{"href":"https:\/\/www.encontrabelavista.com.br\/sobre\/wp-json\/wp\/v2\/media?parent=3168"}],"wp:term":[{"taxonomy":"category","embeddable":true,"href":"https:\/\/www.encontrabelavista.com.br\/sobre\/wp-json\/wp\/v2\/categories?post=3168"},{"taxonomy":"post_tag","embeddable":true,"href":"https:\/\/www.encontrabelavista.com.br\/sobre\/wp-json\/wp\/v2\/tags?post=3168"}],"curies":[{"name":"wp","href":"https:\/\/api.w.org\/{rel}","templated":true}]}}