{"id":3170,"date":"2026-04-28T09:02:02","date_gmt":"2026-04-28T12:02:02","guid":{"rendered":"https:\/\/www.encontrabelavista.com.br\/sobre\/centrais-farao-ato-amanha-28-contra-juros-altos-na-av-paulista\/"},"modified":"2026-04-28T09:02:02","modified_gmt":"2026-04-28T12:02:02","slug":"centrais-farao-ato-amanha-28-contra-juros-altos-na-av-paulista","status":"publish","type":"post","link":"https:\/\/www.encontrabelavista.com.br\/sobre\/centrais-farao-ato-amanha-28-contra-juros-altos-na-av-paulista\/","title":{"rendered":"Centrais far\u00e3o ato amanh\u00e3 (28) contra juros altos na Av. Paulista"},"content":{"rendered":"<div class=\"66f7afe30d5ab11a5499ffbde64f8398\" data-index=\"1\" style=\"float: none; margin:0px;\">\n<!-- Anuncio display - global -->\r\n<ins class=\"adsbygoogle\"\r\n     style=\"display:block\"\r\n     data-ad-client=\"ca-pub-8585364105181520\"\r\n     data-ad-slot=\"8789329856\"\r\n     data-ad-format=\"auto\"\r\n     data-full-width-responsive=\"true\"><\/ins>\r\n<script>\r\n     (adsbygoogle = window.adsbygoogle || []).push({});\r\n<\/script>\r\n\n<\/div>\n<h2>Entenda o impacto dos juros altos na economia<\/h2>\n<p>A atual elevada taxa de juros, fixada em 14,75% ao ano, tem gerado preocupa\u00e7\u00f5es significativas entre os cidad\u00e3os e especialistas econ\u00f4micos. Essa situa\u00e7\u00e3o limita a capacidade de investimento nas empresas e pode levar a uma maior dificuldade na gera\u00e7\u00e3o de empregos. Com menos dinheiro dispon\u00edvel para investir, as empresas tendem a adiar projetos, resultando em menor crescimento econ\u00f4mico.<\/p>\n<p>Al\u00e9m disso, a taxa elevada impacta diretamente o poder de compra dos trabalhadores. Quando os empr\u00e9stimos e financiamentos se tornam mais caros, os consumidores hesitam em gastar, reduzindo a demanda por produtos e servi\u00e7os. Isso pode resultar em uma desacelera\u00e7\u00e3o na economia que afeta a todos, especialmente os que j\u00e1 enfrentam dificuldades financeiras.<\/p>\n<h2>As centrais sindicais e suas demandas<\/h2>\n<p>As centrais sindicais, como a For\u00e7a Sindical, CUT, UGT, entre outras, t\u00eam se mobilizado para enfrentar essa quest\u00e3o. Elas argumentam que a pol\u00edtica monet\u00e1ria atual n\u00e3o apenas prejudica o crescimento econ\u00f4mico, mas tamb\u00e9m tem um efeito negativo sobre a qualidade de vida da popula\u00e7\u00e3o. O presidente da For\u00e7a Sindical, Miguel Torres, expressou que a situa\u00e7\u00e3o \u00e9 insustent\u00e1vel e que uma mudan\u00e7a na pol\u00edtica monet\u00e1ria \u00e9 necess\u00e1ria para reverter os danos causados.<\/p>\n<p><img decoding=\"async\" src=\"https:\/\/www.encontrabelavista.com.br\/sobre\/wp-content\/uploads\/centrais-farao-ato-amanha-28-contra-juros-altos-na-av-paulista.webp\" alt=\"centrais sindicais\" loading=\"lazy\" \/><\/p>\n<p>As entidades sindicais buscam promover um debate mais amplo sobre o tema e exigir uma revis\u00e3o das taxas de juros. Eles acreditam que uma taxa mais baixa poderia estimular o investimento, aumentar o consumo e, consequentemente, gerar mais empregos.<\/p>\n<h2>Quando e onde ser\u00e1 o ato?<\/h2>\n<p>No dia 28 de abril de 2026, as centrais sindicais organizar\u00e3o um ato em frente \u00e0 sede do Banco Central do Brasil, localizada na Avenida Paulista, 1.804, no bairro Bela Vista, S\u00e3o Paulo. O evento est\u00e1 programado para come\u00e7ar \u00e0s 10 horas da manh\u00e3. Essa manifesta\u00e7\u00e3o visa chamar a aten\u00e7\u00e3o para o tema dos juros altos e buscar pressionar as autoridades para que adotem medidas que favore\u00e7am a sociedade.<\/p>\n<h2>A import\u00e2ncia da mobiliza\u00e7\u00e3o popular<\/h2>\n<p>A mobiliza\u00e7\u00e3o popular \u00e9 um componente essencial nas a\u00e7\u00f5es das centrais sindicais. Ao reunir trabalhadores e simpatizantes em um ato p\u00fablico, as entidades demonstram a for\u00e7a da coletividade e a uni\u00e3o em torno de uma causa. Essa visibilidade \u00e9 crucial para que as demandas sejam ouvidas e consideradas pelas autoridades competentes. Adicionalmente, a participa\u00e7\u00e3o ativa da popula\u00e7\u00e3o pode influenciar as decis\u00f5es pol\u00edticas e a dire\u00e7\u00e3o das pol\u00edticas econ\u00f4micas.<\/p>\n<p>Al\u00e9m disso, \u00e9 fundamental que os cidad\u00e3os se sintam parte do processo. O engajamento em atos e manifesta\u00e7\u00f5es \u00e9 uma forma de exercer a cidadania e reivindicar melhorias nas condi\u00e7\u00f5es de vida e trabalho.<\/p>\n<h2>O que dizem os especialistas sobre a taxa Selic<\/h2>\n<p>Economistas e especialistas t\u00eam opini\u00f5es diversas sobre a taxa Selic e seu impacto na economia. Muitos concordam que, mesmo em tempos de infla\u00e7\u00e3o, uma taxa de juros muito elevada pode gerar mais problemas do que solu\u00e7\u00f5es. Por exemplo, a taxa alta pode levar a um aumento no custo do cr\u00e9dito, o que desestimula investimentos e consumo.<\/p>\n<p>Outros analistas argumentam que, para controlar a infla\u00e7\u00e3o, uma certa taxa elevada \u00e9 necess\u00e1ria, mas enfatizam a import\u00e2ncia de encontrar um equil\u00edbrio para n\u00e3o comprometer o crescimento econ\u00f4mico. Dessa forma, as centrais sindicais e os economistas devem dialogar para que sejam encontradas solu\u00e7\u00f5es vi\u00e1veis.<\/p>\n<h2>Desdobramentos do protesto na pol\u00edtica<\/h2>\n<p>Os protestos organizados pelas centrais sindicais podem ter um impacto significativo nas decis\u00f5es pol\u00edticas, principalmente se conseguir atrair um n\u00famero consider\u00e1vel de participantes e chamar a aten\u00e7\u00e3o da m\u00eddia. Nos \u00faltimos anos, manifesta\u00e7\u00f5es populares t\u00eam levado os governantes a reconsiderar suas posi\u00e7\u00f5es sobre diversas quest\u00f5es pol\u00edticas e econ\u00f4micas.<br \/>Participa\u00e7\u00f5es em massa em atos de protesto enfatizam a urg\u00eancia dos problemas e podem pressionar as autoridades a agir. Al\u00e9m disso, a continuidade dessa mobiliza\u00e7\u00e3o \u00e9 um indicativo da crescente insatisfa\u00e7\u00e3o da popula\u00e7\u00e3o.<\/p>\n<h2>Hist\u00f3rico de manifesta\u00e7\u00f5es por menores juros<\/h2>\n<p>O movimento por taxas de juros mais baixas n\u00e3o \u00e9 novo no Brasil. Nos \u00faltimos anos, diversas manifesta\u00e7\u00f5es ocorreram em resposta ao aumento das taxas de juros, onde trabalhadores e especialistas se uniram em torno do objetivo comum de buscar altera\u00e7\u00f5es na pol\u00edtica monet\u00e1ria. Essas mobiliza\u00e7\u00f5es t\u00eam revelado a import\u00e2ncia de voz ativa na luta por direitos e melhorias nas condi\u00e7\u00f5es econ\u00f4micas do pa\u00eds.<\/p>\n<p>No passado, algumas press\u00f5es populares resultaram em mudan\u00e7as nas taxas de juros, mostrando que a uni\u00e3o de for\u00e7as em torno de um interesse comum pode ter impactos reais e positivos para a sociedade.<\/p>\n<h2>Como os juros altos afetam seu dia a dia<\/h2>\n<p>Os juros altos n\u00e3o afetam apenas a economia de forma ampla, mas tamb\u00e9m t\u00eam reflexos diretos no cotidiano dos cidad\u00e3os. Financiamentos para aquisi\u00e7\u00e3o de bens, como im\u00f3veis e ve\u00edculos, tornam-se mais onerosos e inacess\u00edveis. O aumento das presta\u00e7\u00f5es mensais pode for\u00e7ar muitas fam\u00edlias a reavaliarem suas prioridades financeiras. O consumo, que \u00e9 uma das for\u00e7as motrizes da economia, tende a ser reduzido.<\/p>\n<p>Al\u00e9m disso, o endividamento das fam\u00edlias pode aumentar, j\u00e1 que muitos recorrem a empr\u00e9stimos para manter seu padr\u00e3o de vida. Isso gera um ciclo vicioso que pode culminar em crises financeiras pessoais, impactando o bem-estar da popula\u00e7\u00e3o. Portanto, as consequ\u00eancias da pol\u00edtica de juros altos s\u00e3o sentidas por todos, diretamente nas compras di\u00e1rias e na qualidade de vida.<\/p>\n<h2>Alternativas para a pol\u00edtica monet\u00e1ria<\/h2>\n<p>A busca por alternativas \u00e0 atual pol\u00edtica monet\u00e1ria \u00e9 um debate fervoroso entre economistas e representantes de classe. Algumas op\u00e7\u00f5es que t\u00eam surgido incluem a possibilidade de um sistema monet\u00e1rio mais flex\u00edvel, que ajuste as taxas de juros de acordo com a realidade econ\u00f4mica e social do pa\u00eds. As centrais sindicais defendem uma revis\u00e3o das pr\u00e1ticas monet\u00e1rias do Banco Central, para que possam ser considerados fatores como crescimento econ\u00f4mico e emprego, al\u00e9m da infla\u00e7\u00e3o.<\/p>\n<p>Outras propostas consideram investimentos diretos em infraestrutura e servi\u00e7os p\u00fablicos, como formas de estimular a economia e, por consequ\u00eancia, promover o aumento do emprego e da renda. Desse modo, a mudan\u00e7a na pol\u00edtica monet\u00e1ria deve ser acompanhada por estrat\u00e9gias de crescimento que priorizem o desenvolvimento social e econ\u00f4mico.<\/p>\n<h2>Como participar e apoiar o movimento<\/h2>\n<p>Para aqueles que desejam se envolver e apoiar a luta por um Brasil com juros mais baixos, a participa\u00e7\u00e3o em manifesta\u00e7\u00f5es e atos \u00e9 apenas o primeiro passo. Al\u00e9m dos eventos programados, as pessoas podem se engajar em discuss\u00f5es p\u00fablicas sobre o tema, compartilhar informa\u00e7\u00f5es em redes sociais e mobilizar amigos e familiares para a participa\u00e7\u00e3o coletiva.<\/p>\n<p>Engajar-se em a\u00e7\u00f5es promovidas por sindicatos e outras organiza\u00e7\u00f5es sociais que defendem os direitos dos trabalhadores \u00e9 outra maneira de contribuir para o movimento. Assim, a constru\u00e7\u00e3o de uma sociedade mais consciente sobre os impactos da pol\u00edtica monet\u00e1ria promovida pelo Banco Central pode ser uma poderosa forma de ativismo, al\u00e9m de fortalecer a luta por mudan\u00e7as que beneficiem a popula\u00e7\u00e3o como um todo.<\/p>\n\n<div style=\"font-size: 0px; height: 0px; line-height: 0px; margin: 0; padding: 0; clear: both;\"><\/div>","protected":false},"excerpt":{"rendered":"<p>Amanh\u00e3, centrais far\u00e3o ato contra juros altos que afetam a economia.<\/p>\n","protected":false},"author":1,"featured_media":3169,"comment_status":"open","ping_status":"closed","sticky":false,"template":"","format":"standard","meta":{"footnotes":""},"categories":[6],"tags":[],"class_list":["post-3170","post","type-post","status-publish","format-standard","has-post-thumbnail","hentry","category-noticias-na-bela-vista","has_thumb"],"aioseo_notices":[],"_links":{"self":[{"href":"https:\/\/www.encontrabelavista.com.br\/sobre\/wp-json\/wp\/v2\/posts\/3170","targetHints":{"allow":["GET"]}}],"collection":[{"href":"https:\/\/www.encontrabelavista.com.br\/sobre\/wp-json\/wp\/v2\/posts"}],"about":[{"href":"https:\/\/www.encontrabelavista.com.br\/sobre\/wp-json\/wp\/v2\/types\/post"}],"author":[{"embeddable":true,"href":"https:\/\/www.encontrabelavista.com.br\/sobre\/wp-json\/wp\/v2\/users\/1"}],"replies":[{"embeddable":true,"href":"https:\/\/www.encontrabelavista.com.br\/sobre\/wp-json\/wp\/v2\/comments?post=3170"}],"version-history":[{"count":0,"href":"https:\/\/www.encontrabelavista.com.br\/sobre\/wp-json\/wp\/v2\/posts\/3170\/revisions"}],"wp:featuredmedia":[{"embeddable":true,"href":"https:\/\/www.encontrabelavista.com.br\/sobre\/wp-json\/wp\/v2\/media\/3169"}],"wp:attachment":[{"href":"https:\/\/www.encontrabelavista.com.br\/sobre\/wp-json\/wp\/v2\/media?parent=3170"}],"wp:term":[{"taxonomy":"category","embeddable":true,"href":"https:\/\/www.encontrabelavista.com.br\/sobre\/wp-json\/wp\/v2\/categories?post=3170"},{"taxonomy":"post_tag","embeddable":true,"href":"https:\/\/www.encontrabelavista.com.br\/sobre\/wp-json\/wp\/v2\/tags?post=3170"}],"curies":[{"name":"wp","href":"https:\/\/api.w.org\/{rel}","templated":true}]}}