{"id":3172,"date":"2026-04-28T09:05:36","date_gmt":"2026-04-28T12:05:36","guid":{"rendered":"https:\/\/www.encontrabelavista.com.br\/sobre\/vilhena-silva-realiza-palestra-sobre-reajustes-de-planos-de-saude\/"},"modified":"2026-04-28T09:05:36","modified_gmt":"2026-04-28T12:05:36","slug":"vilhena-silva-realiza-palestra-sobre-reajustes-de-planos-de-saude","status":"publish","type":"post","link":"https:\/\/www.encontrabelavista.com.br\/sobre\/vilhena-silva-realiza-palestra-sobre-reajustes-de-planos-de-saude\/","title":{"rendered":"Vilhena Silva realiza palestra sobre reajustes de planos de sa\u00fade"},"content":{"rendered":"<div class=\"66f7afe30d5ab11a5499ffbde64f8398\" data-index=\"1\" style=\"float: none; margin:0px;\">\n<!-- Anuncio display - global -->\r\n<ins class=\"adsbygoogle\"\r\n     style=\"display:block\"\r\n     data-ad-client=\"ca-pub-8585364105181520\"\r\n     data-ad-slot=\"8789329856\"\r\n     data-ad-format=\"auto\"\r\n     data-full-width-responsive=\"true\"><\/ins>\r\n<script>\r\n     (adsbygoogle = window.adsbygoogle || []).push({});\r\n<\/script>\r\n\n<\/div>\n<h2>O que Esperar da Palestra sobre Reajustes<\/h2>\n<p>A palestra cujo tema central gira em torno dos reajustes nos planos de sa\u00fade visa elucidar quest\u00f5es que s\u00e3o essenciais para muitos brasileiros, especialmente em um contexto no qual os custos de sa\u00fade est\u00e3o constantemente em alta. Os participantes ter\u00e3o a oportunidade de entender como as decis\u00f5es judiciais t\u00eam moldado esse cen\u00e1rio, al\u00e9m de receber orienta\u00e7\u00f5es pr\u00e1ticas para atuarem de maneira mais informada.<\/p>\n<h2>D\u00favidas Comuns sobre Planos de Sa\u00fade<\/h2>\n<p>Existem diversas d\u00favidas que frequentemente surgem sobre os planos de sa\u00fade, especialmente quando se fala em reajustes. Aqui est\u00e3o algumas das mais comuns:<\/p>\n<ul>\n<li><strong>Como saber se um reajuste \u00e9 abusivo?<\/strong> \u00c9 importante ficar atento \u00e0s taxas aplicadas e entender se elas est\u00e3o de acordo com as regras da ANS.<\/li>\n<li><strong>Qual a diferen\u00e7a entre reajuste anual e por faixa et\u00e1ria?<\/strong> A diferencia\u00e7\u00e3o pode impactar diretamente no custo e na forma como os usu\u00e1rios lidam com seus contratos.<\/li>\n<li><strong>Posso reclamar de um aumento no meu plano?<\/strong> Sim, \u00e9 direito do consumidor buscar informa\u00e7\u00f5es e at\u00e9 mesmo recorrer \u00e0 Justi\u00e7a, se necess\u00e1rio.<\/li>\n<\/ul>\n<h2>Regras da ANS que Voc\u00ea Precisa Conhecer<\/h2>\n<p>A Ag\u00eancia Nacional de Sa\u00fade Suplementar (ANS) estabelece diretrizes que regulam os reajustes dos planos de sa\u00fade. Algumas regras importantes incluem:<\/p>\n<p><img decoding=\"async\" src=\"https:\/\/www.encontrabelavista.com.br\/sobre\/wp-content\/uploads\/vilhena-silva-realiza-palestra-sobre-reajustes-de-planos-de-saude.webp\" alt=\"reajustes de planos de sa\u00fade\" loading=\"lazy\" \/><\/p>\n<ul>\n<li><strong>Periodicidade dos reajustes:<\/strong> Os planos t\u00eam a obriga\u00e7\u00e3o de realizar reajustes anualmente e devem seguir os percentuais estabelecidos pela ANS.<\/li>\n<li><strong>Transpar\u00eancia:<\/strong> As operadoras s\u00e3o obrigadas a informar os consumidores sobre os crit\u00e9rios utilizados para os reajustes.<\/li>\n<li><strong>Reajuste por faixa et\u00e1ria:<\/strong> \u00c9 permitido ajustes conforme a faixa et\u00e1ria do usu\u00e1rio, mas devem seguir crit\u00e9rios que estejam claros no contrato.<\/li>\n<\/ul>\n<h2>Diferen\u00e7a entre Reajuste Anual e por Faixa Et\u00e1ria<\/h2>\n<p>A compreens\u00e3o das diferen\u00e7as entre esses dois tipos de reajuste \u00e9 fundamental para que os consumidores possam fazer escolhas mais informadas. O reajuste anual se aplica ao contrato como um todo, enquanto o reajuste por faixa et\u00e1ria \u00e9 aplicado quando o benefici\u00e1rio atinge uma nova etapa na vida, como a mudan\u00e7a de idade.<\/p>\n<p>Por exemplo, ao atingir uma nova faixa et\u00e1ria, um usu\u00e1rio pode enfrentar um aumento que pode ser significativo, exatamente por conta do risco associado ao avan\u00e7o da idade. Ambos os casos requerem uma an\u00e1lise cuidadosa por parte do consumidor.<\/p>\n<h2>Como Denunciar Abusos nos Reajustes<\/h2>\n<p>Se voc\u00ea suspeita que seu plano de sa\u00fade est\u00e1 aplicando um reajuste indevido ou abusivo, existem algumas etapas que voc\u00ea pode seguir:<\/p>\n<ul>\n<li><strong>Documenta\u00e7\u00e3o:<\/strong> Guarde todos os comprovantes e notifica\u00e7\u00f5es relacionadas ao seu plano de sa\u00fade.<\/li>\n<li><strong>Reclamar na ANS:<\/strong> Voc\u00ea pode registrar uma reclama\u00e7\u00e3o na Ag\u00eancia Nacional de Sa\u00fade Suplementar, que ir\u00e1 analisar a legalidade do reajuste.<\/li>\n<li><strong>Buscar apoio jur\u00eddico:<\/strong> Consultar um advogado especializado pode ser fundamental para ajudar nas quest\u00f5es complexas.<\/li>\n<\/ul>\n<h2>A Import\u00e2ncia do Conhecimento Jur\u00eddico<\/h2>\n<p>Ter conhecimento sobre os direitos e deveres referentes aos planos de sa\u00fade \u00e9 vital para garantir que os consumidores n\u00e3o sejam prejudicados. A palestra promover\u00e1 um espa\u00e7o onde esse conhecimento ser\u00e1 disponibilizado de modo acess\u00edvel, permitindo que as pessoas se empoderem e busquem seus direitos da melhor forma.<\/p>\n<h2>Quem S\u00e3o os Palestrantes e Sua Experi\u00eancia<\/h2>\n<p>Os palestrantes da iniciativa s\u00e3o os advogados <strong>F\u00e1bio Santos<\/strong> e <strong>Emerson Nepomuceno<\/strong>, que s\u00e3o s\u00f3cios no escrit\u00f3rio Vilhena Silva Advogados. Ambos possuem vasta experi\u00eancia na \u00e1rea de direito da sa\u00fade e est\u00e3o comprometidos em oferecer informa\u00e7\u00f5es relevantes e atualizadas aos participantes.<\/p>\n<h2>Detalhes do Evento: Local e Formato<\/h2>\n<p>A palestra est\u00e1 programada para ocorrer no dia <strong>29 de abril<\/strong>, \u00e0s <strong>18h<\/strong>. O evento ser\u00e1 realizado em um formato h\u00edbrido, permitindo que as pessoas optem por participar presencialmente na sede do escrit\u00f3rio, que est\u00e1 localizada na Avenida Paulista, 1.294, Andar 1, Bela Vista, SP, ou acompanhar online atrav\u00e9s do canal do YouTube do escrit\u00f3rio.<\/p>\n<h2>Como Acompanhar a Palestra Online<\/h2>\n<p>Para aqueles que preferem a modalidade online, o acesso ser\u00e1 facilitado atrav\u00e9s do canal no YouTube do Vilhena Silva Advogados. \u00c9 s\u00f3 clicar no link para se juntar ao evento virtual. A intera\u00e7\u00e3o durante a palestra ser\u00e1 incentivada, garantindo que os participantes possam fazer perguntas e esclarecer suas d\u00favidas ao vivo.<\/p>\n<h2>Benef\u00edcios de Participar da Palestra Gratuitamente<\/h2>\n<p>A participa\u00e7\u00e3o na palestra oferece uma s\u00e9rie de benef\u00edcios significativos:<\/p>\n<ul>\n<li><strong>Informa\u00e7\u00e3o de qualidade:<\/strong> Aprenda com especialistas sobre um tema atual e complexo.<\/li>\n<li><strong>Oportunidade de tirar d\u00favidas:<\/strong> Um espa\u00e7o para interagir diretamente com os palestrantes e obter respostas para suas perguntas espec\u00edficas.<\/li>\n<li><strong>Empoderamento:<\/strong> Conhecer seus direitos \u00e9 o primeiro passo para garantir uma melhor navega\u00e7\u00e3o no sistema de sa\u00fade suplementar.<\/li>\n<\/ul>\n<p>Participar deste evento \u00e9 uma excelente oportunidade para se atualizar sobre um tema t\u00e3o relevante e para que os consumidores de planos de sa\u00fade possam ter mais seguran\u00e7a no que se refere a seus direitos e deveres. O conhecimento \u00e9 uma ferramenta poderosa na luta contra os abusos.<\/p>\n\n<div style=\"font-size: 0px; height: 0px; line-height: 0px; margin: 0; padding: 0; clear: both;\"><\/div>","protected":false},"excerpt":{"rendered":"<p>Reajustes de planos de sa\u00fade: entenda tudo na palestra gratuita.<\/p>\n","protected":false},"author":1,"featured_media":3171,"comment_status":"open","ping_status":"closed","sticky":false,"template":"","format":"standard","meta":{"footnotes":""},"categories":[6],"tags":[],"class_list":["post-3172","post","type-post","status-publish","format-standard","has-post-thumbnail","hentry","category-noticias-na-bela-vista","has_thumb"],"aioseo_notices":[],"_links":{"self":[{"href":"https:\/\/www.encontrabelavista.com.br\/sobre\/wp-json\/wp\/v2\/posts\/3172","targetHints":{"allow":["GET"]}}],"collection":[{"href":"https:\/\/www.encontrabelavista.com.br\/sobre\/wp-json\/wp\/v2\/posts"}],"about":[{"href":"https:\/\/www.encontrabelavista.com.br\/sobre\/wp-json\/wp\/v2\/types\/post"}],"author":[{"embeddable":true,"href":"https:\/\/www.encontrabelavista.com.br\/sobre\/wp-json\/wp\/v2\/users\/1"}],"replies":[{"embeddable":true,"href":"https:\/\/www.encontrabelavista.com.br\/sobre\/wp-json\/wp\/v2\/comments?post=3172"}],"version-history":[{"count":0,"href":"https:\/\/www.encontrabelavista.com.br\/sobre\/wp-json\/wp\/v2\/posts\/3172\/revisions"}],"wp:featuredmedia":[{"embeddable":true,"href":"https:\/\/www.encontrabelavista.com.br\/sobre\/wp-json\/wp\/v2\/media\/3171"}],"wp:attachment":[{"href":"https:\/\/www.encontrabelavista.com.br\/sobre\/wp-json\/wp\/v2\/media?parent=3172"}],"wp:term":[{"taxonomy":"category","embeddable":true,"href":"https:\/\/www.encontrabelavista.com.br\/sobre\/wp-json\/wp\/v2\/categories?post=3172"},{"taxonomy":"post_tag","embeddable":true,"href":"https:\/\/www.encontrabelavista.com.br\/sobre\/wp-json\/wp\/v2\/tags?post=3172"}],"curies":[{"name":"wp","href":"https:\/\/api.w.org\/{rel}","templated":true}]}}