{"id":3174,"date":"2026-04-28T09:07:18","date_gmt":"2026-04-28T12:07:18","guid":{"rendered":"https:\/\/www.encontrabelavista.com.br\/sobre\/programacao-cultural-da-oab-sp-na-ultima-semana-de-abril\/"},"modified":"2026-04-28T09:07:18","modified_gmt":"2026-04-28T12:07:18","slug":"programacao-cultural-da-oab-sp-na-ultima-semana-de-abril","status":"publish","type":"post","link":"https:\/\/www.encontrabelavista.com.br\/sobre\/programacao-cultural-da-oab-sp-na-ultima-semana-de-abril\/","title":{"rendered":"Programa\u00e7\u00e3o cultural da OAB\/SP na \u00faltima semana de abril"},"content":{"rendered":"<div class=\"66f7afe30d5ab11a5499ffbde64f8398\" data-index=\"1\" style=\"float: none; margin:0px;\">\n<!-- Anuncio display - global -->\r\n<ins class=\"adsbygoogle\"\r\n     style=\"display:block\"\r\n     data-ad-client=\"ca-pub-8585364105181520\"\r\n     data-ad-slot=\"8789329856\"\r\n     data-ad-format=\"auto\"\r\n     data-full-width-responsive=\"true\"><\/ins>\r\n<script>\r\n     (adsbygoogle = window.adsbygoogle || []).push({});\r\n<\/script>\r\n\n<\/div>\n<h2>Programa\u00e7\u00e3o Cultural da OAB\/SP na \u00daltima Semana de Abril<\/h2>\n<p>Na \u00faltima semana de abril, a <strong>Ordem dos Advogados do Brasil, Se\u00e7\u00e3o S\u00e3o Paulo (OAB\/SP)<\/strong>, realizar\u00e1 uma s\u00e9rie de eventos culturais que abrange temas de grande relev\u00e2ncia, unindo Direito e cultura com foco em assuntos sociais atuais.<\/p>\n<h2>Cine Debate: Construindo Novos Futuros<\/h2>\n<p>No dia 28 de abril, \u00e0s 14h, ocorrer\u00e1 o cine debate denominado <strong>\u201cConstruindo Novos Futuros\u201d<\/strong>. Este evento busca utilizar o audiovisual como uma ferramenta para discutir quest\u00f5es ligadas \u00e0 moda, sustentabilidade e ao impacto social nas pr\u00e1ticas contempor\u00e2neas.<\/p>\n<h3>Objetivos do Cine Debate<\/h3>\n<ul>\n<li>Explorar a ind\u00fastria da moda atrav\u00e9s de uma perspectiva cr\u00edtica.<\/li>\n<li>Proporcionar reflex\u00f5es sobre consumo consciente e responsabilidade ambiental.<\/li>\n<li>Suscitar quest\u00f5es sobre condi\u00e7\u00f5es de trabalho e inclus\u00e3o no setor.<\/li>\n<\/ul>\n<h2>Territ\u00f3rios Ind\u00edgenas em Risco: Inseguran\u00e7a Jur\u00eddica<\/h2>\n<p>No dia seguinte, 29 de abril, \u00e0s 9h, ser\u00e1 realizado o evento <strong>\u201cTerrit\u00f3rios Ind\u00edgenas em Risco\u201d<\/strong>, que discutir\u00e1 a inseguran\u00e7a jur\u00eddica enfrentada por comunidades ind\u00edgenas e os conflitos territoriais que ocorrem tanto a n\u00edvel nacional quanto internacional.<\/p>\n<p><img decoding=\"async\" src=\"https:\/\/www.encontrabelavista.com.br\/sobre\/wp-content\/uploads\/programacao-cultural-da-oab-sp-na-ultima-semana-de-abril.webp\" alt=\"programa\u00e7\u00e3o cultural OAB\/SP\" loading=\"lazy\" \/><\/p>\n<h3>Conte\u00fado do Evento<\/h3>\n<p>Este encontro reunir\u00e1 especialistas e l\u00edderes ind\u00edgenas, abordando quest\u00f5es como:<\/p>\n<ul>\n<li>Desafios da prote\u00e7\u00e3o das terras ind\u00edgenas no Brasil.<\/li>\n<li>Impactos de disputas pol\u00edticas e interesses econ\u00f4micos sobre os territ\u00f3rios.<\/li>\n<li>Direitos humanos e a preserva\u00e7\u00e3o cultural no contexto das mudan\u00e7as clim\u00e1ticas.<\/li>\n<\/ul>\n<h2>Congresso Internacional: Tutela Jur\u00eddica da Ordem Econ\u00f4mica<\/h2>\n<p>Ainda em 29 de abril, \u00e0s 19h, ter\u00e1 in\u00edcio o <strong>Congresso Internacional sobre a Tutela Jur\u00eddica da Ordem Econ\u00f4mica<\/strong> e a regula\u00e7\u00e3o das empresas transnacionais. Este congresso continuar\u00e1 no dia 30 de abril, \u00e0s 9h30, aprofundando debates sobre a intera\u00e7\u00e3o entre Direito, economia e a atua\u00e7\u00e3o das corpora\u00e7\u00f5es em um cen\u00e1rio global.<\/p>\n<h3>Temas a Serem Abordados<\/h3>\n<ul>\n<li>Imposto seletivo e suas implica\u00e7\u00f5es sobre o meio ambiente.<\/li>\n<li>Trabalho digital e os desafios da intelig\u00eancia artificial.<\/li>\n<li>Agenda ESG (Ambiental, Social e Governan\u00e7a) e o seu papel no contexto internacional.<\/li>\n<\/ul>\n<p>Os eventos s\u00e3o oportunidades valiosas para todos os participantes explorarem temas contempor\u00e2neos e contribu\u00edrem para um di\u00e1logo produtivo sobre quest\u00f5es sociais, econ\u00f4micas e jur\u00eddicas.<\/p>\n<p>Para participar, os interessados podem se inscrever nos seguintes eventos:<\/p>\n<h3>Agenda Detalhada:<\/h3>\n<h4>28 de abril &#8211; Evento Presencial<\/h4>\n<p><strong>Cine Debate &#8211; Construindo Novos Futuros<\/strong>: O objetivo \u00e9 exibir e discutir obras que apresentam cr\u00edticas \u00e0 ind\u00fastria da moda, promovendo discuss\u00f5es sobre consumo consciente, responsabilidade ambiental, condi\u00e7\u00f5es de trabalho e inclus\u00e3o social.<\/p>\n<ul>\n<li><strong>Local:<\/strong> ESA SP &#8211; Rua Cincinato Braga, 37 &#8211; Bela Vista<\/li>\n<li><strong>Hor\u00e1rio:<\/strong> 14h<\/li>\n<li><strong>Inscri\u00e7\u00f5es:<\/strong> <a href=\"https:\/\/www2.oabsp.org.br\/asp\/dotnet\/CulturaEventos\/Eventos\/Apps\/SinopseEvento.aspx?idCultural=35981&#038;sn=1\">Clique aqui<\/a>.<\/li>\n<\/ul>\n<h4>29 de abril &#8211; Evento Presencial<\/h4>\n<p><strong>Territ\u00f3rios Ind\u00edgenas em Risco: Inseguran\u00e7a Jur\u00eddica<\/strong>: Esse evento proporcionar\u00e1 um espa\u00e7o para discutir os desafios no que se refere \u00e0 prote\u00e7\u00e3o das terras ind\u00edgenas no Brasil e globalmente. As discuss\u00f5es incluir\u00e3o as fragilidades jur\u00eddicas na manuten\u00e7\u00e3o das terras tradicionais e a influ\u00eancia de interesses externos nas pol\u00edticas internas.<\/p>\n<ul>\n<li><strong>Local:<\/strong> Sal\u00e3o Nobre da OAB SP &#8211; Pra\u00e7a da S\u00e9, n\u00ba 385 \u2013 1\u00b0 andar<\/li>\n<li><strong>Hor\u00e1rio:<\/strong> 9h<\/li>\n<li><strong>Inscri\u00e7\u00f5es:<\/strong> <a href=\"https:\/\/www2.oabsp.org.br\/asp\/dotnet\/CulturaEventos\/Eventos\/Apps\/SinopseEvento.aspx?idCultural=35935&#038;sn=1\">Clique aqui<\/a>.<\/li>\n<\/ul>\n<h4>29 de abril &#8211; Evento Presencial<\/h4>\n<p><strong>Congresso Internacional: A Tutela Jur\u00eddica da Ordem Econ\u00f4mica<\/strong>: O evento ir\u00e1 abordar quest\u00f5es pertinentes sobre como o Direito pode modular as pr\u00e1ticas das empresas transnacionais, focando na responsabilidade e regulamenta\u00e7\u00e3o frente aos desafios sociais e ambientais.<\/p>\n<ul>\n<li><strong>Local:<\/strong> UNIP \u2013 Universidade Paulista \u2013 Campus Norte &#8211; Rua Amazonas da Silva, 737 \u2013 Audit\u00f3rio \u2013 Vila Guilherme &#8211; SP<\/li>\n<li><strong>Hor\u00e1rio:<\/strong> 19h<\/li>\n<li><strong>Inscri\u00e7\u00f5es:<\/strong> <a href=\"https:\/\/www2.oabsp.org.br\/asp\/dotnet\/CulturaEventos\/Eventos\/Apps\/SinopseEvento.aspx?idCultural=36038&#038;sn=1\">Clique aqui<\/a>.<\/li>\n<\/ul>\n<h4>30 de abril &#8211; Evento Presencial<\/h4>\n<p><strong>Congresso Internacional: A Tutela Jur\u00eddica da Ordem Econ\u00f4mica<\/strong>: Continua\u00e7\u00e3o do congresso que abordar\u00e1 regula\u00e7\u00e3o de mercado, a responsabilidade das empresas, e as diretrizes internacionais relacionadas \u00e0 governan\u00e7a.<\/p>\n<ul>\n<li><strong>Local:<\/strong> Sal\u00e3o Nobre da OAB SP &#8211; Pra\u00e7a da S\u00e9, n\u00ba 385 \u2013 1\u00b0 andar &#8211; Capital<\/li>\n<li><strong>Hor\u00e1rio:<\/strong> 9h30<\/li>\n<li><strong>Inscri\u00e7\u00f5es:<\/strong> <a href=\"https:\/\/www2.oabsp.org.br\/asp\/dotnet\/CulturaEventos\/Eventos\/Apps\/SinopseEvento.aspx?idCultural=36040&#038;sn=1\">Clique aqui<\/a>.<\/li>\n<\/ul>\n<p>Para mais informa\u00e7\u00f5es sobre os eventos, recomenda-se que acessem o website oficial da OAB\/SP: <a href=\"https:\/\/www2.oabsp.org.br\/asp\/dotnet\/CulturaEventos\/Eventos\/Apps\/AgendaCultural.aspx\">site da OAB\/SP<\/a>.<\/p>\n\n<div style=\"font-size: 0px; height: 0px; line-height: 0px; margin: 0; padding: 0; clear: both;\"><\/div>","protected":false},"excerpt":{"rendered":"<p>Programa\u00e7\u00e3o da OAB\/SP explora cultura e direito com eventos imperd\u00edveis!<\/p>\n","protected":false},"author":1,"featured_media":3173,"comment_status":"open","ping_status":"closed","sticky":false,"template":"","format":"standard","meta":{"footnotes":""},"categories":[6],"tags":[],"class_list":["post-3174","post","type-post","status-publish","format-standard","has-post-thumbnail","hentry","category-noticias-na-bela-vista","has_thumb"],"aioseo_notices":[],"_links":{"self":[{"href":"https:\/\/www.encontrabelavista.com.br\/sobre\/wp-json\/wp\/v2\/posts\/3174","targetHints":{"allow":["GET"]}}],"collection":[{"href":"https:\/\/www.encontrabelavista.com.br\/sobre\/wp-json\/wp\/v2\/posts"}],"about":[{"href":"https:\/\/www.encontrabelavista.com.br\/sobre\/wp-json\/wp\/v2\/types\/post"}],"author":[{"embeddable":true,"href":"https:\/\/www.encontrabelavista.com.br\/sobre\/wp-json\/wp\/v2\/users\/1"}],"replies":[{"embeddable":true,"href":"https:\/\/www.encontrabelavista.com.br\/sobre\/wp-json\/wp\/v2\/comments?post=3174"}],"version-history":[{"count":0,"href":"https:\/\/www.encontrabelavista.com.br\/sobre\/wp-json\/wp\/v2\/posts\/3174\/revisions"}],"wp:featuredmedia":[{"embeddable":true,"href":"https:\/\/www.encontrabelavista.com.br\/sobre\/wp-json\/wp\/v2\/media\/3173"}],"wp:attachment":[{"href":"https:\/\/www.encontrabelavista.com.br\/sobre\/wp-json\/wp\/v2\/media?parent=3174"}],"wp:term":[{"taxonomy":"category","embeddable":true,"href":"https:\/\/www.encontrabelavista.com.br\/sobre\/wp-json\/wp\/v2\/categories?post=3174"},{"taxonomy":"post_tag","embeddable":true,"href":"https:\/\/www.encontrabelavista.com.br\/sobre\/wp-json\/wp\/v2\/tags?post=3174"}],"curies":[{"name":"wp","href":"https:\/\/api.w.org\/{rel}","templated":true}]}}