{"id":350,"date":"2011-12-19T20:56:30","date_gmt":"2011-12-19T20:56:30","guid":{"rendered":"http:\/\/www.encontrabelavista.com.br\/noticias\/?p=350"},"modified":"2019-04-29T17:11:58","modified_gmt":"2019-04-29T20:11:58","slug":"paulista-maconha-leva-a-conflito-na-regiao-da-bela-vista","status":"publish","type":"post","link":"https:\/\/www.encontrabelavista.com.br\/sobre\/paulista-maconha-leva-a-conflito-na-regiao-da-bela-vista\/","title":{"rendered":"Paulista: maconha leva a conflito na regi\u00e3o da Bela Vista"},"content":{"rendered":"<div class=\"66f7afe30d5ab11a5499ffbde64f8398\" data-index=\"1\" style=\"float: none; margin:0px;\">\n<!-- Anuncio display - global -->\r\n<ins class=\"adsbygoogle\"\r\n     style=\"display:block\"\r\n     data-ad-client=\"ca-pub-8585364105181520\"\r\n     data-ad-slot=\"8789329856\"\r\n     data-ad-format=\"auto\"\r\n     data-full-width-responsive=\"true\"><\/ins>\r\n<script>\r\n     (adsbygoogle = window.adsbygoogle || []).push({});\r\n<\/script>\r\n\n<\/div>\n<p>A passeata organizada na manh\u00e3 de s\u00e1bado (17) por um grupo contra a legaliza\u00e7\u00e3o da maconha foi marcada pelo conflito com pessoas favor\u00e1veis \u00e0 libera\u00e7\u00e3o do uso da droga. A concentra\u00e7\u00e3o de manifestantes da Caminhada Nacional Contra a Libera\u00e7\u00e3o da Maconha come\u00e7ou \u00e0s 10h, no v\u00e3o livre do Museu de Arte de S\u00e3o Paulo (<a href=\"http:\/\/www.encontrabelavista.com.br\/bela-vista\/masp-na-bela-vista.shtml\" target=\"_blank\">Masp<\/a>), na Avenida Paulista, regi\u00e3o do bairro Bela Vista. Mas o ato foi iniciado com duas horas de atraso.<\/p>\n<p>O tumulto, marcado por empurra-empurra e discuss\u00f5es, come\u00e7ou quando algumas pessoas do movimento Interven\u00e7\u00e3o na Marcha pela Vida levantaram cartazes para defender a legaliza\u00e7\u00e3o da maconha e tamb\u00e9m um vaso, contendo uma planta que n\u00e3o era da esp\u00e9cie cannabis sativa.<\/p>\n<p>De acordo com o programador Daniel Siqueira, de 29 anos, do grupo favor\u00e1vel \u00e0 legaliza\u00e7\u00e3o, houve agress\u00f5es por parte do l\u00edder da caminhada, o escritor ecum\u00eanico Xam\u00e3 Gideon dos Lakotas. \u201cQuer\u00edamos fazer um contraprotesto pac\u00edfico\u201d, afirma o programador. Procurado pela reportagem, o Xam\u00e3 n\u00e3o quis falar sobre o assunto.<\/p>\n<p>A passeata era formada por v\u00e1rios segmentos sociais, sobretudo vertentes religiosas. Segundo o organizador da Caminhada, Michel Nascimento Gomes, de 29 anos, alguns adeptos do uso do ch\u00e1 do Santo Daime \u2013 alucin\u00f3geno, feito \u00e0 base de ayahuasca e usado nos rituais religiosos \u2013 tamb\u00e9m aderiram ao protesto. Esse foi um dos principais pontos questionados pelas pessoas que defendem a legaliza\u00e7\u00e3o do uso da maconha.<\/p>\n<p>\u201cTentamos abrir um debate nas redes sociais sobre o assunto, inclusive sobre a utiliza\u00e7\u00e3o da ayahuasca nos rituais do Santo Daime, mas o tratamento foi hostil\u201d, afirma o estudante Luca Dardi, de 16 anos. Segundo ele, o que \u00e9 defendido n\u00e3o \u00e9 apenas o uso da maconha, mas sim a \u201cdiscuss\u00e3o sobre o tr\u00e1fico que mata muita gente, os gastos in\u00fateis com a preven\u00e7\u00e3o fraca\u201d. Segundo o arquiteto S\u00e9rgio Olivetti Narduci, de 51 anos, a ayahuasca n\u00e3o \u00e9 contestada pelo grupo por \u201cn\u00e3o causar os mesmos danos, como a depend\u00eancia, que a maconha causa.\u201d<\/p>\n<p>A passeata contou a com a presen\u00e7a de pessoas de v\u00e1rios Estados, como Goi\u00e1s, Paran\u00e1, Santa Catarina e Rio Grande do Sul. O catarinense Jos\u00e9 Henrique Argemir, de 40 anos, que veio de Garopaba, tamb\u00e9m participou da primeira edi\u00e7\u00e3o do evento, em julho deste ano. \u201cA maioria das pessoas que est\u00e3o aqui tem filhos e teme por aquilo que a maconha possa causar a eles.\u201d<\/p>\n<p>Os participantes caminharam pela Avenida Paulista e foram at\u00e9 o Obelisco do Ibirapuera, passando pela Rua Pamplona e pela Avenida Brigadeiro Luis Antonio. De acordo com a Pol\u00edcia Militar, 600 pessoas participaram da passeata. Mas os organizadores afirmam que o evento contou com cerca de 3 mil manifestantes.<\/p>\n<p><em>Fonte: Jornal da Tarde<\/em><\/p>\n\n<div style=\"font-size: 0px; height: 0px; line-height: 0px; margin: 0; padding: 0; clear: both;\"><\/div>","protected":false},"excerpt":{"rendered":"<p>A passeata organizada na manh\u00e3 de s\u00e1bado (17) por um grupo contra a legaliza\u00e7\u00e3o da maconha foi marcada pelo conflito com pessoas favor\u00e1veis \u00e0 libera\u00e7\u00e3o do uso da droga. A concentra\u00e7\u00e3o de manifestantes da Caminhada Nacional Contra a Libera\u00e7\u00e3o da Maconha come\u00e7ou \u00e0s 10h, no v\u00e3o livre do Museu de Arte de S\u00e3o Paulo (Masp), na Avenida Paulista, regi\u00e3o do bairro Bela Vista. Mas o ato foi iniciado com duas horas de atraso. O tumulto, marcado por empurra-empurra e discuss\u00f5es, come\u00e7ou quando algumas pessoas do movimento Interven\u00e7\u00e3o na Marcha pela Vida levantaram cartazes para defender a legaliza\u00e7\u00e3o da maconha e <\/p>\n","protected":false},"author":1,"featured_media":0,"comment_status":"open","ping_status":"closed","sticky":false,"template":"","format":"standard","meta":{"footnotes":""},"categories":[6],"tags":[14],"class_list":["post-350","post","type-post","status-publish","format-standard","hentry","category-noticias-na-bela-vista","tag-bela-vista"],"aioseo_notices":[],"_links":{"self":[{"href":"https:\/\/www.encontrabelavista.com.br\/sobre\/wp-json\/wp\/v2\/posts\/350","targetHints":{"allow":["GET"]}}],"collection":[{"href":"https:\/\/www.encontrabelavista.com.br\/sobre\/wp-json\/wp\/v2\/posts"}],"about":[{"href":"https:\/\/www.encontrabelavista.com.br\/sobre\/wp-json\/wp\/v2\/types\/post"}],"author":[{"embeddable":true,"href":"https:\/\/www.encontrabelavista.com.br\/sobre\/wp-json\/wp\/v2\/users\/1"}],"replies":[{"embeddable":true,"href":"https:\/\/www.encontrabelavista.com.br\/sobre\/wp-json\/wp\/v2\/comments?post=350"}],"version-history":[{"count":0,"href":"https:\/\/www.encontrabelavista.com.br\/sobre\/wp-json\/wp\/v2\/posts\/350\/revisions"}],"wp:attachment":[{"href":"https:\/\/www.encontrabelavista.com.br\/sobre\/wp-json\/wp\/v2\/media?parent=350"}],"wp:term":[{"taxonomy":"category","embeddable":true,"href":"https:\/\/www.encontrabelavista.com.br\/sobre\/wp-json\/wp\/v2\/categories?post=350"},{"taxonomy":"post_tag","embeddable":true,"href":"https:\/\/www.encontrabelavista.com.br\/sobre\/wp-json\/wp\/v2\/tags?post=350"}],"curies":[{"name":"wp","href":"https:\/\/api.w.org\/{rel}","templated":true}]}}