{"id":418,"date":"2012-03-07T22:27:22","date_gmt":"2012-03-07T22:27:22","guid":{"rendered":"http:\/\/www.encontrabelavista.com.br\/noticias\/?p=418"},"modified":"2019-04-29T17:11:56","modified_gmt":"2019-04-29T20:11:56","slug":"curso-gratuito-na-area-de-acessibilidade-para-funcionarios-municipais-acontece-em-marco-na-bela-vista","status":"publish","type":"post","link":"https:\/\/www.encontrabelavista.com.br\/sobre\/curso-gratuito-na-area-de-acessibilidade-para-funcionarios-municipais-acontece-em-marco-na-bela-vista\/","title":{"rendered":"Curso gratuito na \u00e1rea de acessibilidade para funcion\u00e1rios municipais acontece em mar\u00e7o na Bela Vista"},"content":{"rendered":"<div class=\"66f7afe30d5ab11a5499ffbde64f8398\" data-index=\"1\" style=\"float: none; margin:0px;\">\n<!-- Anuncio display - global -->\r\n<ins class=\"adsbygoogle\"\r\n     style=\"display:block\"\r\n     data-ad-client=\"ca-pub-8585364105181520\"\r\n     data-ad-slot=\"8789329856\"\r\n     data-ad-format=\"auto\"\r\n     data-full-width-responsive=\"true\"><\/ins>\r\n<script>\r\n     (adsbygoogle = window.adsbygoogle || []).push({});\r\n<\/script>\r\n\n<\/div>\n<p>Entre 20 e 22 de mar\u00e7o ser\u00e1 realizado o curso sobre Educa\u00e7\u00e3o Continuada e Certifica\u00e7\u00e3o em Acessibilidade, promovido pela Secretaria Municipal da Pessoa com Defici\u00eancia e Mobilidade Reduzida e a S\u00e3o Paulo Turismo, em parceria com o S\u00e3o Paulo Convention &amp; Visitors Bureau e o SECOVI \u2013 SP (Sindicato da Habita\u00e7\u00e3o). Ser\u00e3o oferecidas 15 vagas por turma, destinadas a funcion\u00e1rios da Prefeitura envolvidos na constru\u00e7\u00e3o e fiscaliza\u00e7\u00e3o de constru\u00e7\u00f5es e vias p\u00fablicas e demais profissionais das \u00e1reas de engenharia e arquitetura.<\/p>\n<p>O curso, que \u00e9 gratuito, j\u00e1 capacitou mais de 1.300 pessoas desde a primeira edi\u00e7\u00e3o em 2007, e tem como principal objetivo promover a transforma\u00e7\u00e3o cultural dos profissionais envolvidos. Dessa forma, permite a inclus\u00e3o das pessoas com defici\u00eancia e mobilidade reduzida, mediante a diminui\u00e7\u00e3o de barreiras e de obst\u00e1culos nas vias e espa\u00e7os p\u00fablicos, nos mobili\u00e1rios urbanos, e nos meios de transporte e comunica\u00e7\u00e3o. O treinamento \u00e9 planejado em tr\u00eas m\u00f3dulos: te\u00f3rico, pr\u00e1tico e vivencial, com emiss\u00e3o de certificados para os participantes.<\/p>\n<p><strong>Servi\u00e7o \u2013 Programa de Educa\u00e7\u00e3o Continuada e Certifica\u00e7\u00e3o em Acessibilidade<\/strong><\/p>\n<p>Data: 20 a 22 de mar\u00e7o de 2012<\/p>\n<p>Hor\u00e1rio: das 9h \u00e0s 13h<\/p>\n<p>Local: Audit\u00f3rio do S\u00e3o Paulo Convention &amp; Visitors Bureau<\/p>\n<p>Endere\u00e7o: Alameda Ribeir\u00e3o Preto, 130 \u2013 13\u00ba andar \u2013 Guia da Bela Vista<\/p>\n<p>Contato: (11) 3736-0600 ou\u00a0capacitarsp@visitesp.com<\/p>\n<p><em>Fonte: SPTurismo<\/em><\/p>\n<p>&nbsp;<\/p>\n\n<div style=\"font-size: 0px; height: 0px; line-height: 0px; margin: 0; padding: 0; clear: both;\"><\/div>","protected":false},"excerpt":{"rendered":"<p>Entre 20 e 22 de mar\u00e7o ser\u00e1 realizado o curso sobre Educa\u00e7\u00e3o Continuada e Certifica\u00e7\u00e3o em Acessibilidade, promovido pela Secretaria Municipal da Pessoa com Defici\u00eancia e Mobilidade Reduzida e a S\u00e3o Paulo Turismo, em parceria com o S\u00e3o Paulo Convention &amp; Visitors Bureau e o SECOVI \u2013 SP (Sindicato da Habita\u00e7\u00e3o). Ser\u00e3o oferecidas 15 vagas por turma, destinadas a funcion\u00e1rios da Prefeitura envolvidos na constru\u00e7\u00e3o e fiscaliza\u00e7\u00e3o de constru\u00e7\u00f5es e vias p\u00fablicas e demais profissionais das \u00e1reas de engenharia e arquitetura. O curso, que \u00e9 gratuito, j\u00e1 capacitou mais de 1.300 pessoas desde a primeira edi\u00e7\u00e3o em 2007, e tem <\/p>\n","protected":false},"author":1,"featured_media":0,"comment_status":"open","ping_status":"closed","sticky":false,"template":"","format":"standard","meta":{"footnotes":""},"categories":[3],"tags":[14],"class_list":["post-418","post","type-post","status-publish","format-standard","hentry","category-cursos-na-bela-vista","tag-bela-vista"],"aioseo_notices":[],"_links":{"self":[{"href":"https:\/\/www.encontrabelavista.com.br\/sobre\/wp-json\/wp\/v2\/posts\/418","targetHints":{"allow":["GET"]}}],"collection":[{"href":"https:\/\/www.encontrabelavista.com.br\/sobre\/wp-json\/wp\/v2\/posts"}],"about":[{"href":"https:\/\/www.encontrabelavista.com.br\/sobre\/wp-json\/wp\/v2\/types\/post"}],"author":[{"embeddable":true,"href":"https:\/\/www.encontrabelavista.com.br\/sobre\/wp-json\/wp\/v2\/users\/1"}],"replies":[{"embeddable":true,"href":"https:\/\/www.encontrabelavista.com.br\/sobre\/wp-json\/wp\/v2\/comments?post=418"}],"version-history":[{"count":0,"href":"https:\/\/www.encontrabelavista.com.br\/sobre\/wp-json\/wp\/v2\/posts\/418\/revisions"}],"wp:attachment":[{"href":"https:\/\/www.encontrabelavista.com.br\/sobre\/wp-json\/wp\/v2\/media?parent=418"}],"wp:term":[{"taxonomy":"category","embeddable":true,"href":"https:\/\/www.encontrabelavista.com.br\/sobre\/wp-json\/wp\/v2\/categories?post=418"},{"taxonomy":"post_tag","embeddable":true,"href":"https:\/\/www.encontrabelavista.com.br\/sobre\/wp-json\/wp\/v2\/tags?post=418"}],"curies":[{"name":"wp","href":"https:\/\/api.w.org\/{rel}","templated":true}]}}