{"id":452,"date":"2012-04-12T00:21:25","date_gmt":"2012-04-12T00:21:25","guid":{"rendered":"http:\/\/www.encontrabelavista.com.br\/noticias\/?p=452"},"modified":"2019-04-29T17:11:56","modified_gmt":"2019-04-29T20:11:56","slug":"bela-vista-gilberto-kassab-estuda-criar-ciclofaixa-na-avenida-paulista","status":"publish","type":"post","link":"https:\/\/www.encontrabelavista.com.br\/sobre\/bela-vista-gilberto-kassab-estuda-criar-ciclofaixa-na-avenida-paulista\/","title":{"rendered":"Bela Vista: Gilberto Kassab estuda criar ciclofaixa na Avenida Paulista"},"content":{"rendered":"<div class=\"66f7afe30d5ab11a5499ffbde64f8398\" data-index=\"1\" style=\"float: none; margin:0px;\">\n<!-- Anuncio display - global -->\r\n<ins class=\"adsbygoogle\"\r\n     style=\"display:block\"\r\n     data-ad-client=\"ca-pub-8585364105181520\"\r\n     data-ad-slot=\"8789329856\"\r\n     data-ad-format=\"auto\"\r\n     data-full-width-responsive=\"true\"><\/ins>\r\n<script>\r\n     (adsbygoogle = window.adsbygoogle || []).push({});\r\n<\/script>\r\n\n<\/div>\n<p>O prefeito Gilberto Kassab (PSD) disse na \u00faltima semana que avalia a possibilidade de criar uma ciclofaixa na Avenida Paulista, na regi\u00e3o central de S\u00e3o Paulo. De acordo com ele, ela s\u00f3 funcionaria aos domingos, e serviria para o lazer, a exemplo da que existe no Itaim Bibi, zona sul, e na Avenida Governador Carvalho Pinto, zona leste de SP.<\/p>\n<p>Cicloativistas defendem uma interven\u00e7\u00e3o na Paulista, j\u00e1 que a via \u00e9 uma rota importante entre as zonas oeste e sul, sendo usada por centenas de ciclistas por hora. Entretanto, ela ainda \u00e9 perigosa.<\/p>\n<p>No in\u00edcio de mar\u00e7o, a bi\u00f3loga Juliana Dias, de 33 anos, morreu atropelada por um \u00f4nibus perto da esquina com a Rua Pamplona. Em 2009, a massagista M\u00e1rcia Prado, de 40, foi morta a poucos metros dali, tamb\u00e9m por um coletivo.<\/p>\n<p>\u201cO que est\u00e1 sendo estudado e existe uma possibilidade, porque est\u00e1 um pouco mais avan\u00e7ado, mas n\u00e3o \u00e9 certeza ainda, \u00e9 a implanta\u00e7\u00e3o da ciclofaixa\u201d, afirmou Kassab ap\u00f3s vistoriar obras na marquise do Parque do Ibirapuera, zona sul.<\/p>\n<p>O estudo da ciclofaixa da avenida Paulista deve ficar pronto em breve, mas a Prefeitura n\u00e3o definiu uma data para a entrega. Kassab ainda afirmou que h\u00e1 a hip\u00f3tese de uma ciclovia (ou seja, permanentemente segregada dos ve\u00edculos) na Paulista.<\/p>\n<p>Entretanto, o prefeito afirmou que qualquer interven\u00e7\u00e3o n\u00e3o poder\u00e1 prejudicar os motoristas que passam pela regi\u00e3o. \u201cDe nada adianta implantar uma ciclovia sem seguran\u00e7a, que cause um transtorno muito grande a milh\u00f5es de pessoas, beneficiando, \u00e0s vezes, centenas ou milhares (de ciclistas).\u201d<\/p>\n<p>Se sair do papel, medida pode ser mais uma das benesses preparadas pela gest\u00e3o para tentar proteger o uso da bicicleta na cidade. Conforme o Jornal da Tarde antecipou em reportagem recente, neste ano eleitoral, a Companhia de Engenharia de Tr\u00e1fego (CET) ainda estuda criar uma escolinha de forma\u00e7\u00e3o de ciclistas urbanos, na Barra Funda, zona oeste, e capacitar os motoristas da S\u00e3o Paulo Transporte (SPTrans) para respeitar quem est\u00e1 de bike no tr\u00e2nsito.<\/p>\n<p>Al\u00e9m disso, a partir do fim deste m\u00eas, dez marronzinhos passar\u00e3o a fiscalizar as ruas de Moema, zona sul, de bicicleta, em uma a\u00e7\u00e3o in\u00e9dita da CET. Eles anotar\u00e3o o desrespeito de carros \u00e0 Zona Azul e \u00e0 ciclofaixa que existe no bairro.<\/p>\n<p>Dados da CET mostram que as mortes de ciclistas na cidade pararam de cair. Foram 49 em 2011, n\u00famero igual ao do ano anterior. \u00c9 a primeira interrup\u00e7\u00e3o de queda em um per\u00edodo de seis anos. Em 2009, 61 ciclistas morreram no tr\u00e2nsito, ante 69 em 2008 e 83 em 2007. H\u00e1 seis anos, foram 84.<\/p>\n<p><em>Fonte: Ag\u00eancia Estado<\/em><\/p>\n\n<div style=\"font-size: 0px; height: 0px; line-height: 0px; margin: 0; padding: 0; clear: both;\"><\/div>","protected":false},"excerpt":{"rendered":"<p>O prefeito Gilberto Kassab (PSD) disse na \u00faltima semana que avalia a possibilidade de criar uma ciclofaixa na Avenida Paulista, na regi\u00e3o central de S\u00e3o Paulo. De acordo com ele, ela s\u00f3 funcionaria aos domingos, e serviria para o lazer, a exemplo da que existe no Itaim Bibi, zona sul, e na Avenida Governador Carvalho Pinto, zona leste de SP. Cicloativistas defendem uma interven\u00e7\u00e3o na Paulista, j\u00e1 que a via \u00e9 uma rota importante entre as zonas oeste e sul, sendo usada por centenas de ciclistas por hora. Entretanto, ela ainda \u00e9 perigosa. No in\u00edcio de mar\u00e7o, a bi\u00f3loga Juliana <\/p>\n","protected":false},"author":1,"featured_media":0,"comment_status":"open","ping_status":"closed","sticky":false,"template":"","format":"standard","meta":{"footnotes":""},"categories":[6],"tags":[14],"class_list":["post-452","post","type-post","status-publish","format-standard","hentry","category-noticias-na-bela-vista","tag-bela-vista"],"aioseo_notices":[],"_links":{"self":[{"href":"https:\/\/www.encontrabelavista.com.br\/sobre\/wp-json\/wp\/v2\/posts\/452","targetHints":{"allow":["GET"]}}],"collection":[{"href":"https:\/\/www.encontrabelavista.com.br\/sobre\/wp-json\/wp\/v2\/posts"}],"about":[{"href":"https:\/\/www.encontrabelavista.com.br\/sobre\/wp-json\/wp\/v2\/types\/post"}],"author":[{"embeddable":true,"href":"https:\/\/www.encontrabelavista.com.br\/sobre\/wp-json\/wp\/v2\/users\/1"}],"replies":[{"embeddable":true,"href":"https:\/\/www.encontrabelavista.com.br\/sobre\/wp-json\/wp\/v2\/comments?post=452"}],"version-history":[{"count":0,"href":"https:\/\/www.encontrabelavista.com.br\/sobre\/wp-json\/wp\/v2\/posts\/452\/revisions"}],"wp:attachment":[{"href":"https:\/\/www.encontrabelavista.com.br\/sobre\/wp-json\/wp\/v2\/media?parent=452"}],"wp:term":[{"taxonomy":"category","embeddable":true,"href":"https:\/\/www.encontrabelavista.com.br\/sobre\/wp-json\/wp\/v2\/categories?post=452"},{"taxonomy":"post_tag","embeddable":true,"href":"https:\/\/www.encontrabelavista.com.br\/sobre\/wp-json\/wp\/v2\/tags?post=452"}],"curies":[{"name":"wp","href":"https:\/\/api.w.org\/{rel}","templated":true}]}}