{"id":472,"date":"2012-05-02T22:46:31","date_gmt":"2012-05-02T22:46:31","guid":{"rendered":"http:\/\/www.encontrabelavista.com.br\/noticias\/?p=472"},"modified":"2019-04-29T17:11:55","modified_gmt":"2019-04-29T20:11:55","slug":"casa-das-rosas-realiza-virada-da-poesia-na-bela-vista","status":"publish","type":"post","link":"https:\/\/www.encontrabelavista.com.br\/sobre\/casa-das-rosas-realiza-virada-da-poesia-na-bela-vista\/","title":{"rendered":"Casa das Rosas realiza Virada da Poesia na Bela Vista"},"content":{"rendered":"<div class=\"66f7afe30d5ab11a5499ffbde64f8398\" data-index=\"1\" style=\"float: none; margin:0px;\">\n<!-- Anuncio display - global -->\r\n<ins class=\"adsbygoogle\"\r\n     style=\"display:block\"\r\n     data-ad-client=\"ca-pub-8585364105181520\"\r\n     data-ad-slot=\"8789329856\"\r\n     data-ad-format=\"auto\"\r\n     data-full-width-responsive=\"true\"><\/ins>\r\n<script>\r\n     (adsbygoogle = window.adsbygoogle || []).push({});\r\n<\/script>\r\n\n<\/div>\n<p>No fim de semana em que ser\u00e1 realizada a Virada Cultural, dias 5 e 6, a <a href=\"http:\/\/www.encontrabelavista.com.br\/bela-vista\/casa-das-rosas-na-bela-vista.shtml\" target=\"_blank\">Casa das Rosas<\/a> realiza a Virada da Poesia, com uma s\u00e9rie de atividades e a presen\u00e7a de renomados escritores e artistas.<\/p>\n<p>Nessa Virada, com a poesia permeando todas as atra\u00e7\u00f5es, ser\u00e1 poss\u00edvel encontrar, ouvir e assistir a alguns dos mais importantes escritores do Brasil hoje, como Alice Ruiz, Marcelino Freire, Evandro Afonso Ferreira e Ademir Assun\u00e7\u00e3o. Tamb\u00e9m haver\u00e1 performances de Lucio Agra, dos cariocas Orlando Scarpa e Ismar Tirelli, al\u00e9m do Grupo River\u00e3o, e shows de dois m\u00fasicos ligados \u00e0 poesia contempor\u00e2nea: Alzira Esp\u00edndola e Cid Campos. Para virar o dia, um sarau \u00e0 meia-noite ter\u00e1 participa\u00e7\u00e3o dos fundadores do sarau da Cooperifa, S\u00e9rgio Vaz e Marco Ant\u00f4nio Pez\u00e3o.<\/p>\n<p>No domingo, \u00e9 a vez da garotada, com oficina de bonecos e apresenta\u00e7\u00e3o da pe\u00e7a &#8220;A Bruxinha&#8221;, da Cia Trucks de Bonecos, e a Patuscada, que re\u00fane poetas como Marco Aqueiva, Lilian Aquino, Vlado Lima e Elisa Andrade Buzzo.<\/p>\n<p>A Casa das Rosas &#8211; Espa\u00e7o Haroldo de Campos de Poesia e Literatura &#8211; \u00e9 um local de celebra\u00e7\u00e3o da poesia, da literatura e da arte em geral. Localizada no cora\u00e7\u00e3o de S\u00e3o Paulo, a Casa serve de cen\u00e1rio para a efervesc\u00eancia da vida cultural. A programa\u00e7\u00e3o completa est\u00e1 no\u00a0site da Casa das Rosas.<\/p>\n<p><em>Fonte: Governo de S\u00e3o Paulo<\/em><\/p>\n\n<div style=\"font-size: 0px; height: 0px; line-height: 0px; margin: 0; padding: 0; clear: both;\"><\/div>","protected":false},"excerpt":{"rendered":"<p>No fim de semana em que ser\u00e1 realizada a Virada Cultural, dias 5 e 6, a Casa das Rosas realiza a Virada da Poesia, com uma s\u00e9rie de atividades e a presen\u00e7a de renomados escritores e artistas. Nessa Virada, com a poesia permeando todas as atra\u00e7\u00f5es, ser\u00e1 poss\u00edvel encontrar, ouvir e assistir a alguns dos mais importantes escritores do Brasil hoje, como Alice Ruiz, Marcelino Freire, Evandro Afonso Ferreira e Ademir Assun\u00e7\u00e3o. Tamb\u00e9m haver\u00e1 performances de Lucio Agra, dos cariocas Orlando Scarpa e Ismar Tirelli, al\u00e9m do Grupo River\u00e3o, e shows de dois m\u00fasicos ligados \u00e0 poesia contempor\u00e2nea: Alzira Esp\u00edndola <\/p>\n","protected":false},"author":1,"featured_media":0,"comment_status":"open","ping_status":"closed","sticky":false,"template":"","format":"standard","meta":{"footnotes":""},"categories":[6],"tags":[14],"class_list":["post-472","post","type-post","status-publish","format-standard","hentry","category-noticias-na-bela-vista","tag-bela-vista"],"aioseo_notices":[],"_links":{"self":[{"href":"https:\/\/www.encontrabelavista.com.br\/sobre\/wp-json\/wp\/v2\/posts\/472","targetHints":{"allow":["GET"]}}],"collection":[{"href":"https:\/\/www.encontrabelavista.com.br\/sobre\/wp-json\/wp\/v2\/posts"}],"about":[{"href":"https:\/\/www.encontrabelavista.com.br\/sobre\/wp-json\/wp\/v2\/types\/post"}],"author":[{"embeddable":true,"href":"https:\/\/www.encontrabelavista.com.br\/sobre\/wp-json\/wp\/v2\/users\/1"}],"replies":[{"embeddable":true,"href":"https:\/\/www.encontrabelavista.com.br\/sobre\/wp-json\/wp\/v2\/comments?post=472"}],"version-history":[{"count":0,"href":"https:\/\/www.encontrabelavista.com.br\/sobre\/wp-json\/wp\/v2\/posts\/472\/revisions"}],"wp:attachment":[{"href":"https:\/\/www.encontrabelavista.com.br\/sobre\/wp-json\/wp\/v2\/media?parent=472"}],"wp:term":[{"taxonomy":"category","embeddable":true,"href":"https:\/\/www.encontrabelavista.com.br\/sobre\/wp-json\/wp\/v2\/categories?post=472"},{"taxonomy":"post_tag","embeddable":true,"href":"https:\/\/www.encontrabelavista.com.br\/sobre\/wp-json\/wp\/v2\/tags?post=472"}],"curies":[{"name":"wp","href":"https:\/\/api.w.org\/{rel}","templated":true}]}}