{"id":478,"date":"2012-05-09T23:01:39","date_gmt":"2012-05-09T23:01:39","guid":{"rendered":"http:\/\/www.encontrabelavista.com.br\/noticias\/?p=478"},"modified":"2019-04-29T17:11:55","modified_gmt":"2019-04-29T20:11:55","slug":"linha-laranja-do-metro-vai-desapropriar-imoveis-na-bela-vista","status":"publish","type":"post","link":"https:\/\/www.encontrabelavista.com.br\/sobre\/linha-laranja-do-metro-vai-desapropriar-imoveis-na-bela-vista\/","title":{"rendered":"Linha laranja do metr\u00f4 vai desapropriar im\u00f3veis na Bela Vista"},"content":{"rendered":"<div class=\"66f7afe30d5ab11a5499ffbde64f8398\" data-index=\"1\" style=\"float: none; margin:0px;\">\n<!-- Anuncio display - global -->\r\n<ins class=\"adsbygoogle\"\r\n     style=\"display:block\"\r\n     data-ad-client=\"ca-pub-8585364105181520\"\r\n     data-ad-slot=\"8789329856\"\r\n     data-ad-format=\"auto\"\r\n     data-full-width-responsive=\"true\"><\/ins>\r\n<script>\r\n     (adsbygoogle = window.adsbygoogle || []).push({});\r\n<\/script>\r\n\n<\/div>\n<p>O governo de S\u00e3o Paulo deu in\u00edcio ao processo de desapropria\u00e7\u00e3o para a constru\u00e7\u00e3o da linha 6-laranja (Brasil\u00e2ndia-S\u00e3o Joaquim) do Metr\u00f4.<\/p>\n<p>A \u00e1rea pass\u00edvel de desapropria\u00e7\u00e3o tem 407,4 mil m\u00b2, o equivalente a 56 campos de futebol.<\/p>\n<p>Ser\u00e3o 406 im\u00f3veis nos bairros da Freguesia do \u00d3, Lapa, Barra Funda, Perdizes, Consola\u00e7\u00e3o, Higien\u00f3polis, Pacaembu, Bela Vista e Liberdade, segundo decreto publicado ontem no \u201cDi\u00e1rio Oficial\u201d do Estado. S\u00e3o 140 im\u00f3veis comerciais, 214 residenciais e 52 terrenos vagos.<\/p>\n<p>Em janeiro, um estudo do Metr\u00f4 estimava a desapropria\u00e7\u00e3o de 202 mil m\u00b2, menos da metade do que a \u00e1rea divulgada ontem.<\/p>\n<p>A diferen\u00e7a se d\u00e1 porque o Metr\u00f4 incluiu na lista o terreno de uma antiga pedreira na Brasil\u00e2ndia.<\/p>\n<p>O espa\u00e7o abrigar\u00e1 o futuro p\u00e1tio de manobras da linha.<\/p>\n<p>O governo entrar\u00e1 no segundo semestre com as a\u00e7\u00f5es de desapropria\u00e7\u00e3o. O Metr\u00f4 determina um valor a ser pago; se o propriet\u00e1rio do\u00a0im\u00f3vel\u00a0n\u00e3o concordar, o juiz nomeia um perito para arbitrar o montante a ser pago.<\/p>\n<p>O valor gasto com as desapropria\u00e7\u00f5es n\u00e3o foi divulgado. A previs\u00e3o do Metr\u00f4 \u00e9 come\u00e7ar as obras da linha em 2013, para que ela passe a funcionar em 2017. O ramal ter\u00e1, no total, 15,9 km e 15 esta\u00e7\u00f5es, segundo o Metr\u00f4.<\/p>\n<p><strong>Im\u00f3veis<\/strong><\/p>\n<p>Entre os im\u00f3veis pass\u00edveis de desapropria\u00e7\u00e3o est\u00e1 a sede da escola de samba Vai-Vai, na Bela Vista (centro de SP). Parte do estacionamento da\u00a0Faap\u00a0em Higien\u00f3polis tamb\u00e9m est\u00e1 na lista. H\u00e1 ainda bancos, postos de combust\u00edvel e cl\u00ednicas.<\/p>\n<p>Entre as avenidas que ter\u00e3o trechos desapropriados, de acordo com o decreto, est\u00e3o as avenidas Brigadeiro Lu\u00eds Ant\u00f4nio e Sumar\u00e9,\u00a0rua da Consola\u00e7\u00e3o\u00a0e rua Frei Caneca.<\/p>\n<p>H\u00e1 ainda duas pra\u00e7as na Freguesia do \u00d3, um centro comunit\u00e1rio na Brasil\u00e2ndia e a sede da Subprefeitura da Freguesia\/Brasil\u00e2ndia.<\/p>\n<p><em>Fonte: Folha de S. Paulo<\/em><\/p>\n\n<div style=\"font-size: 0px; height: 0px; line-height: 0px; margin: 0; padding: 0; clear: both;\"><\/div>","protected":false},"excerpt":{"rendered":"<p>O governo de S\u00e3o Paulo deu in\u00edcio ao processo de desapropria\u00e7\u00e3o para a constru\u00e7\u00e3o da linha 6-laranja (Brasil\u00e2ndia-S\u00e3o Joaquim) do Metr\u00f4. A \u00e1rea pass\u00edvel de desapropria\u00e7\u00e3o tem 407,4 mil m\u00b2, o equivalente a 56 campos de futebol. Ser\u00e3o 406 im\u00f3veis nos bairros da Freguesia do \u00d3, Lapa, Barra Funda, Perdizes, Consola\u00e7\u00e3o, Higien\u00f3polis, Pacaembu, Bela Vista e Liberdade, segundo decreto publicado ontem no \u201cDi\u00e1rio Oficial\u201d do Estado. S\u00e3o 140 im\u00f3veis comerciais, 214 residenciais e 52 terrenos vagos. Em janeiro, um estudo do Metr\u00f4 estimava a desapropria\u00e7\u00e3o de 202 mil m\u00b2, menos da metade do que a \u00e1rea divulgada ontem. A diferen\u00e7a <\/p>\n","protected":false},"author":1,"featured_media":0,"comment_status":"open","ping_status":"closed","sticky":false,"template":"","format":"standard","meta":{"footnotes":""},"categories":[6],"tags":[14],"class_list":["post-478","post","type-post","status-publish","format-standard","hentry","category-noticias-na-bela-vista","tag-bela-vista"],"aioseo_notices":[],"_links":{"self":[{"href":"https:\/\/www.encontrabelavista.com.br\/sobre\/wp-json\/wp\/v2\/posts\/478","targetHints":{"allow":["GET"]}}],"collection":[{"href":"https:\/\/www.encontrabelavista.com.br\/sobre\/wp-json\/wp\/v2\/posts"}],"about":[{"href":"https:\/\/www.encontrabelavista.com.br\/sobre\/wp-json\/wp\/v2\/types\/post"}],"author":[{"embeddable":true,"href":"https:\/\/www.encontrabelavista.com.br\/sobre\/wp-json\/wp\/v2\/users\/1"}],"replies":[{"embeddable":true,"href":"https:\/\/www.encontrabelavista.com.br\/sobre\/wp-json\/wp\/v2\/comments?post=478"}],"version-history":[{"count":0,"href":"https:\/\/www.encontrabelavista.com.br\/sobre\/wp-json\/wp\/v2\/posts\/478\/revisions"}],"wp:attachment":[{"href":"https:\/\/www.encontrabelavista.com.br\/sobre\/wp-json\/wp\/v2\/media?parent=478"}],"wp:term":[{"taxonomy":"category","embeddable":true,"href":"https:\/\/www.encontrabelavista.com.br\/sobre\/wp-json\/wp\/v2\/categories?post=478"},{"taxonomy":"post_tag","embeddable":true,"href":"https:\/\/www.encontrabelavista.com.br\/sobre\/wp-json\/wp\/v2\/tags?post=478"}],"curies":[{"name":"wp","href":"https:\/\/api.w.org\/{rel}","templated":true}]}}