{"id":577,"date":"2012-07-23T20:02:55","date_gmt":"2012-07-23T20:02:55","guid":{"rendered":"http:\/\/www.encontrabelavista.com.br\/noticias\/?p=577"},"modified":"2019-04-29T17:11:34","modified_gmt":"2019-04-29T20:11:34","slug":"teatro-da-bela-vista-recebe-shows-intimistas-de-pedro-mariano-ceu-luiza-possi-e-isabella-taviani","status":"publish","type":"post","link":"https:\/\/www.encontrabelavista.com.br\/sobre\/teatro-da-bela-vista-recebe-shows-intimistas-de-pedro-mariano-ceu-luiza-possi-e-isabella-taviani\/","title":{"rendered":"Teatro da Bela Vista recebe shows intimistas de Pedro Mariano, C\u00e9u, Luiza Possi e Isabella Taviani"},"content":{"rendered":"<div class=\"66f7afe30d5ab11a5499ffbde64f8398\" data-index=\"1\" style=\"float: none; margin:0px;\">\n<!-- Anuncio display - global -->\r\n<ins class=\"adsbygoogle\"\r\n     style=\"display:block\"\r\n     data-ad-client=\"ca-pub-8585364105181520\"\r\n     data-ad-slot=\"8789329856\"\r\n     data-ad-format=\"auto\"\r\n     data-full-width-responsive=\"true\"><\/ins>\r\n<script>\r\n     (adsbygoogle = window.adsbygoogle || []).push({});\r\n<\/script>\r\n\n<\/div>\n<p>Pedro Mariano, Luiza Possi, Isabella Taviani e C\u00e9u s\u00e3o os nomes escolhidos para a continuidade do projeto\u00a0<em>Nova no Teatro<\/em>, s\u00e9rie de shows que al\u00e9m de promoverem os artistas que s\u00e3o destaque no cen\u00e1rio da MPB, levam m\u00fasica de qualidade para um formato mais intimista no ambiente de um teatro. Os primeiros shows foram realizados por\u00a0Oswaldo Montenegro e Jorge Vercillo.<\/p>\n<p>O cantor Pedro Mariano \u00e9 o artista que se apresenta neste m\u00eas. Para divulgar o seu mais recente \u00e1lbum,<em>8<\/em>, Pedro vem \u00e0 S\u00e3o Paulo ao lado quarteto que j\u00e1 o acompanha h\u00e1 alguns anos \u2013 Conrado Goys (viol\u00f5es e guitarras), Thiago Rabello (bateria), Leandro Matsumoto (baixo) e Marcelo Elias (teclados e dire\u00e7\u00e3o musical). No palco, os m\u00fasicos mostraram novas composi\u00e7\u00f5es e os j\u00e1 consagrados sucessos, como\u00a0<em>Voz No Ouvido, Risos e Mem\u00f3rias<\/em>,\u00a0<em>Livre Para Viver, T\u00e1 Tudo Bem<\/em>\u00a0e\u00a0<em>Quase Amor<\/em>, de Jorge Vercillo.<\/p>\n<p>Confira a programa\u00e7\u00e3o do projeto\u00a0<em>Nova no Teatro<\/em>\u00a0(sujeita a altera\u00e7\u00e3o):<\/p>\n<p>24 de julho &#8211; Pedro Mariano<\/p>\n<p>25 de Setembro &#8211; Luiza Possi<\/p>\n<p>23 de Outubro \u00a0&#8211; Isabella Taviani<\/p>\n<p>27 de Novembro &#8211; \u00a0C\u00e9u<\/p>\n<p><strong>Servi\u00e7o:<\/strong><\/p>\n<p>Dia 24\/07, ter\u00e7a-feira, \u00e0s 21h30<\/p>\n<p>Teatro Abril \u2013 Avenida Brigadeiro Lu\u00eds Ant\u00f4nio, 411 \u2013 Bela Vista<\/p>\n<p>Ingressos: R$ 30 a R$120<\/p>\n<p>Classifica\u00e7\u00e3o et\u00e1ria: 12 e 13 anos: permitida a entrada (acompanhados dos pais ou respons\u00e1veis legais); 14 anos em diante: permitida a entrada (desacompanhados)<\/p>\n<p><em>Fonte: Estad\u00e3o<\/em><\/p>\n\n<div style=\"font-size: 0px; height: 0px; line-height: 0px; margin: 0; padding: 0; clear: both;\"><\/div>","protected":false},"excerpt":{"rendered":"<p>Pedro Mariano, Luiza Possi, Isabella Taviani e C\u00e9u s\u00e3o os nomes escolhidos para a continuidade do projeto\u00a0Nova no Teatro, s\u00e9rie de shows que al\u00e9m de promoverem os artistas que s\u00e3o destaque no cen\u00e1rio da MPB, levam m\u00fasica de qualidade para um formato mais intimista no ambiente de um teatro. Os primeiros shows foram realizados por\u00a0Oswaldo Montenegro e Jorge Vercillo. O cantor Pedro Mariano \u00e9 o artista que se apresenta neste m\u00eas. Para divulgar o seu mais recente \u00e1lbum,8, Pedro vem \u00e0 S\u00e3o Paulo ao lado quarteto que j\u00e1 o acompanha h\u00e1 alguns anos \u2013 Conrado Goys (viol\u00f5es e guitarras), Thiago <\/p>\n","protected":false},"author":1,"featured_media":0,"comment_status":"open","ping_status":"closed","sticky":false,"template":"","format":"standard","meta":{"footnotes":""},"categories":[9],"tags":[14],"class_list":["post-577","post","type-post","status-publish","format-standard","hentry","category-shows-na-bela-vista","tag-bela-vista"],"aioseo_notices":[],"_links":{"self":[{"href":"https:\/\/www.encontrabelavista.com.br\/sobre\/wp-json\/wp\/v2\/posts\/577","targetHints":{"allow":["GET"]}}],"collection":[{"href":"https:\/\/www.encontrabelavista.com.br\/sobre\/wp-json\/wp\/v2\/posts"}],"about":[{"href":"https:\/\/www.encontrabelavista.com.br\/sobre\/wp-json\/wp\/v2\/types\/post"}],"author":[{"embeddable":true,"href":"https:\/\/www.encontrabelavista.com.br\/sobre\/wp-json\/wp\/v2\/users\/1"}],"replies":[{"embeddable":true,"href":"https:\/\/www.encontrabelavista.com.br\/sobre\/wp-json\/wp\/v2\/comments?post=577"}],"version-history":[{"count":0,"href":"https:\/\/www.encontrabelavista.com.br\/sobre\/wp-json\/wp\/v2\/posts\/577\/revisions"}],"wp:attachment":[{"href":"https:\/\/www.encontrabelavista.com.br\/sobre\/wp-json\/wp\/v2\/media?parent=577"}],"wp:term":[{"taxonomy":"category","embeddable":true,"href":"https:\/\/www.encontrabelavista.com.br\/sobre\/wp-json\/wp\/v2\/categories?post=577"},{"taxonomy":"post_tag","embeddable":true,"href":"https:\/\/www.encontrabelavista.com.br\/sobre\/wp-json\/wp\/v2\/tags?post=577"}],"curies":[{"name":"wp","href":"https:\/\/api.w.org\/{rel}","templated":true}]}}