{"id":753,"date":"2012-12-10T17:31:54","date_gmt":"2012-12-10T19:31:54","guid":{"rendered":"http:\/\/www.encontrabelavista.com.br\/noticias\/?p=753"},"modified":"2019-04-29T17:11:29","modified_gmt":"2019-04-29T20:11:29","slug":"ciclofaixa-da-paulista-tera-horario-ampliado-nas-semanas-antes-do-natal","status":"publish","type":"post","link":"https:\/\/www.encontrabelavista.com.br\/sobre\/ciclofaixa-da-paulista-tera-horario-ampliado-nas-semanas-antes-do-natal\/","title":{"rendered":"Ciclofaixa da Paulista ter\u00e1 hor\u00e1rio ampliado nas semanas antes do Natal"},"content":{"rendered":"<div class=\"66f7afe30d5ab11a5499ffbde64f8398\" data-index=\"1\" style=\"float: none; margin:0px;\">\n<!-- Anuncio display - global -->\r\n<ins class=\"adsbygoogle\"\r\n     style=\"display:block\"\r\n     data-ad-client=\"ca-pub-8585364105181520\"\r\n     data-ad-slot=\"8789329856\"\r\n     data-ad-format=\"auto\"\r\n     data-full-width-responsive=\"true\"><\/ins>\r\n<script>\r\n     (adsbygoogle = window.adsbygoogle || []).push({});\r\n<\/script>\r\n\n<\/div>\n<p>A ciclofaixa de Lazer da Avenida Paulista e sua interliga\u00e7\u00e3o ao Parque do Ibirapuera funcionar\u00e3o no per\u00edodo noturno nos fins de semanas que antecedem o Natal. Ela estar\u00e1 aberta das 22h de s\u00e1bado (15) \u00e0s 16h de domingo (16). O mesmo acontecer\u00e1 nos dias 22 e 23. O objetivo \u00e9 incentivar os moradores a visitar da decora\u00e7\u00e3o natalina de bicicleta.<\/p>\n<p>A decora\u00e7\u00e3o de Natal da Avenida Paulista foi inaugurada na noite de sexta-feira (7). Um palco de cerca de mil metros quadrados, localizado entre as ruas Padre Jo\u00e3o Manuel e Ministro Rocha Azevedo. A tradicional \u00e1rvore no Parque Ibirapuera foi inaugurada no domingo (9).<\/p>\n<p>Normalmente, as ciclofaixas funcionam aos domingos e feriados nacionais, das 7h \u00e0s 16h. Esse trecho da Avenida Paulista e sua interliga\u00e7\u00e3o ao Parque do Ibirapuera possui 24,2 quil\u00f4metros de extens\u00e3o.<\/p>\n<p>A Companhia de Engenharia de Tr\u00e1fego (CET) informou que montar\u00e1 com um esquema especial de tr\u00e2nsito para garantir a seguran\u00e7a dos ciclistas, pedestres e motoristas e para manter a fluidez do tr\u00e2nsito.<\/p>\n<p><strong>Ciclofaixas<\/strong><br \/>\nO restante do percurso da Ciclofaixa de Lazer Sul\/Oeste e as demais ciclofaixas da cidade ser\u00e3o ativados normalmente, das 7h \u00e0s 16h. A malha ciclovi\u00e1ria da cidade de\u00a0S\u00e3o Paulo\u00a0possui 230,2 km de extens\u00e3o, sendo 108,5 km de ciclofaixas distribu\u00eddas pela cidade.<\/p>\n<p><em>Ciclofaixa de Lazer Zona Sul\/Zona Oeste\u00a0<\/em>&#8211; liga o Parque das Bicicletas, Parque do Ibirapuera, Parque do Povo, Parque Villa-Lobos, Avenida Chedid Jafet, Rua Funchal, Avenida Engenheiro Lu\u00eds Carlos Berrini e Avenida Jornalista Roberto Marinho (at\u00e9 o futuro Parque Clube do Chuvisco). Tem 45 km de extens\u00e3o.<\/p>\n<p><em>Ciclofaixa de Lazer da Zona Norte<\/em>\u00a0&#8211; liga a Pra\u00e7a Her\u00f3is da F.E.B. \u00e0 Esta\u00e7\u00e3o do Metr\u00f4 Parada Inglesa, permitindo acessar tamb\u00e9m o Parque da Juventude, com 8 km de extens\u00e3o (4 km em cada sentido). Em outubro, entrou em opera\u00e7\u00e3o o prolongamento interligando a ciclofaixa \u00e0 Ciclovia Braz Leme. O percurso \u00e9 feito pela Avenida Santos Dumont e possui 500 metros de extens\u00e3o nos dois sentidos.<\/p>\n<p><em>Ciclofaixa de Lazer da Zona Leste\u00a0<\/em>&#8211; liga a Avenida Governador Carvalho Pinto ao o Parque Linear Engenheiro Werner Zulauf-Tiquatira. Tem 14 km de extens\u00e3o (7 km em cada sentido).<\/p>\n<p><em>Ciclofaixa de Lazer Paulista-Centro SP<\/em>\u00a0&#8211; ambos os sentidos da Avenida Paulista, ligando a Rua da Consola\u00e7\u00e3o \u00e0 Pra\u00e7a Osvaldo Cruz. Esse trecho \u00e9 interligado ao Centro da cidade atrav\u00e9s do eixo Vergueiro-Liberdade. Ao chegar \u00e0 regi\u00e3o central, o percurso passa por pontos tur\u00edsticos hist\u00f3ricos, como o Teatro Municipal, o Viaduto do Ch\u00e1, o Mosteiro S\u00e3o Bento, as pra\u00e7as Dom Jos\u00e9 Gaspar, Franklin Roosevelt e da Luz, conectando-se ao Elevado Costa e Silva, totalizando 21,8 Km de extens\u00e3o.<\/p>\n<p><em>Ciclofaixa de Lazer Paulista-Ibirapuera &#8211;<\/em>\u00a0liga a Pra\u00e7a Osvaldo Cruz ao Parque do Ibirapuera pelo eixo Vergueiro-Domingos de Morais-Jabaquara-Indian\u00f3polis, com 19,2 Km.<\/p>\n<p><em>Fonte: G1<\/em><\/p>\n\n<div style=\"font-size: 0px; height: 0px; line-height: 0px; margin: 0; padding: 0; clear: both;\"><\/div>","protected":false},"excerpt":{"rendered":"<p>A ciclofaixa de Lazer da Avenida Paulista e sua interliga\u00e7\u00e3o ao Parque do Ibirapuera funcionar\u00e3o no per\u00edodo noturno nos fins de semanas que antecedem o Natal. Ela estar\u00e1 aberta das 22h de s\u00e1bado (15) \u00e0s 16h de domingo (16). O mesmo acontecer\u00e1 nos dias 22 e 23. O objetivo \u00e9 incentivar os moradores a visitar da decora\u00e7\u00e3o natalina de bicicleta. A decora\u00e7\u00e3o de Natal da Avenida Paulista foi inaugurada na noite de sexta-feira (7). Um palco de cerca de mil metros quadrados, localizado entre as ruas Padre Jo\u00e3o Manuel e Ministro Rocha Azevedo. A tradicional \u00e1rvore no Parque Ibirapuera foi <\/p>\n","protected":false},"author":1,"featured_media":0,"comment_status":"open","ping_status":"closed","sticky":false,"template":"","format":"standard","meta":{"footnotes":""},"categories":[6],"tags":[14],"class_list":["post-753","post","type-post","status-publish","format-standard","hentry","category-noticias-na-bela-vista","tag-bela-vista"],"aioseo_notices":[],"_links":{"self":[{"href":"https:\/\/www.encontrabelavista.com.br\/sobre\/wp-json\/wp\/v2\/posts\/753","targetHints":{"allow":["GET"]}}],"collection":[{"href":"https:\/\/www.encontrabelavista.com.br\/sobre\/wp-json\/wp\/v2\/posts"}],"about":[{"href":"https:\/\/www.encontrabelavista.com.br\/sobre\/wp-json\/wp\/v2\/types\/post"}],"author":[{"embeddable":true,"href":"https:\/\/www.encontrabelavista.com.br\/sobre\/wp-json\/wp\/v2\/users\/1"}],"replies":[{"embeddable":true,"href":"https:\/\/www.encontrabelavista.com.br\/sobre\/wp-json\/wp\/v2\/comments?post=753"}],"version-history":[{"count":0,"href":"https:\/\/www.encontrabelavista.com.br\/sobre\/wp-json\/wp\/v2\/posts\/753\/revisions"}],"wp:attachment":[{"href":"https:\/\/www.encontrabelavista.com.br\/sobre\/wp-json\/wp\/v2\/media?parent=753"}],"wp:term":[{"taxonomy":"category","embeddable":true,"href":"https:\/\/www.encontrabelavista.com.br\/sobre\/wp-json\/wp\/v2\/categories?post=753"},{"taxonomy":"post_tag","embeddable":true,"href":"https:\/\/www.encontrabelavista.com.br\/sobre\/wp-json\/wp\/v2\/tags?post=753"}],"curies":[{"name":"wp","href":"https:\/\/api.w.org\/{rel}","templated":true}]}}