{"id":769,"date":"2012-12-17T17:15:19","date_gmt":"2012-12-17T19:15:19","guid":{"rendered":"http:\/\/www.encontrabelavista.com.br\/noticias\/?p=769"},"modified":"2019-04-29T17:11:29","modified_gmt":"2019-04-29T20:11:29","slug":"prefeitura-apresenta-programacao-do-reveillon-na-paulista-2013","status":"publish","type":"post","link":"https:\/\/www.encontrabelavista.com.br\/sobre\/prefeitura-apresenta-programacao-do-reveillon-na-paulista-2013\/","title":{"rendered":"Prefeitura apresenta programa\u00e7\u00e3o do R\u00e9veillon na Paulista 2013"},"content":{"rendered":"<div class=\"66f7afe30d5ab11a5499ffbde64f8398\" data-index=\"1\" style=\"float: none; margin:0px;\">\n<!-- Anuncio display - global -->\r\n<ins class=\"adsbygoogle\"\r\n     style=\"display:block\"\r\n     data-ad-client=\"ca-pub-8585364105181520\"\r\n     data-ad-slot=\"8789329856\"\r\n     data-ad-format=\"auto\"\r\n     data-full-width-responsive=\"true\"><\/ins>\r\n<script>\r\n     (adsbygoogle = window.adsbygoogle || []).push({});\r\n<\/script>\r\n\n<\/div>\n<p>A Prefeitura de S\u00e3o Paulo apresentou a programa\u00e7\u00e3o do R\u00e9veillon na Paulista 2013, a tradicional festa de Ano-novo que neste ano espera receber 2 milh\u00f5es de pessoas na avenida-s\u00edmbolo da cidade. A partir das 20h do dia 31 de dezembro, o p\u00fablico ser\u00e1 animado pelas cantoras Ti\u00ea e Daniela Mercury, os sertanejos Fernando e Sorocaba e as bandas Blitz e Tit\u00e3s. Para encerrar a comemora\u00e7\u00e3o, os DJs\u00a0 Mau Mau e Z\u00e9 Pedro transformar\u00e3o a avenida em uma enorme pista de dan\u00e7a.<\/p>\n<p>No momento da virada de ano, \u00e0 meia noite, haver\u00e1 15 minutos de espet\u00e1culo pirot\u00e9cnico, chuva de confetes metalizados e ilumina\u00e7\u00e3o especial, com canh\u00f5es de laser coloridos. Este ano o tema \u00e9 \u201cEu amo S\u00e3o Paulo\u201d. \u201cTodos desejam contribuir para que S\u00e3o Paulo seja uma cidade cada vez melhor, cada vez mais humana. E isso s\u00f3 \u00e9 poss\u00edvel com festas como o R\u00e9veillon, com esta grandeza\u201d, afirmou o prefeito.<\/p>\n<p>Para o presidente da S\u00e3o Paulo Turismo, o R\u00e9veillon \u00e9 um dos eventos mais importantes no calend\u00e1rio da cidade. \u201cA festa tem um sabor especial, pois \u00e9 o \u00faltimo grande evento do ano e representa toda a diversidade da cultura, por meio de suas atra\u00e7\u00f5es, que s\u00e3o variadas, e do povo paulistano\u201d, comentou Rehder. \u201cS\u00e3o Paulo tem 90 mil eventos por ano, a m\u00e9dia \u00e9 de um a cada seis minutos. Neste ano, a SPTuris participou de mais de 1,3 mil eventos\u201d, acrescentou.<\/p>\n<p>A cenografia do evento tamb\u00e9m expressar\u00e1 o amor pela cidade. O palco de 1 mil m\u00b2 ter\u00e1 um tel\u00e3o gigante, em formato de cora\u00e7\u00e3o e conta com ilumina\u00e7\u00e3o especial com mais de 700 mil watts de pot\u00eancia. Quem estiver na Avenida poder\u00e1 enviar mensagens pelo twitter para @RevNaPaulista, com a #RevNaPaulista2013, dedicando todo seu amor pela Cidade e as declara\u00e7\u00f5es ser\u00e3o projetadas no palco em tempo real. \u201cO R\u00e9veillon de S\u00e3o Paulo melhora a cada ano e vai crescendo. Este ano teremos cinco shows muito bons que mostram a diversidade da cultura paulistana\u201d, explicou o Presidente da S\u00e3o Paulo Turismo, que organiza o evento com a parceria da empresa Playcorp.<\/p>\n<p>Para que o p\u00fablico curta os shows, ser\u00e3o instalados 1,2 milh\u00f5es de watts de som ao longo da Avenida, tel\u00f5es em formato de cora\u00e7\u00e3o e mais 13 pain\u00e9is de alta defini\u00e7\u00e3o de LED. Al\u00e9m disso, haver\u00e1 a ilumina\u00e7\u00e3o de 12 canh\u00f5es de lasers coloridos de alta pot\u00eancia e longo alcance. \u201cS\u00e3o Paulo vai mostrar a alegria do povo brasileiro, com uma festa de rua desta magnitude, em que todos v\u00e3o dan\u00e7ar e comemorar juntos\u201d, disse a cantora Daniela Mercury,<\/p>\n<p>Mais de 4,5 mil pessoas atuam para realizar desde a montagem e desmontagem das estruturas at\u00e9 a realiza\u00e7\u00e3o dos shows. Ao todo, 250 toneladas de ferro e a\u00e7o s\u00e3o utilizadas no palco e nas estruturas ao longo da Paulista. H\u00e1 ainda, 25 geradores para os 4 milh\u00f5es de watts necess\u00e1rios para alimentar as 13 torres espalhadas pela avenida, os efeitos especiais, toda a estrutura do palco.<\/p>\n<p>Pessoas com mobilidade reduzida t\u00eam lugar garantido, posicionadas pr\u00f3ximo ao palco com acesso pela lateral da Rua Ministro Rocha Azevedo. Para a comodidade do p\u00fablico, mais de 80 pontos de alimenta\u00e7\u00e3o aceitar\u00e3o pagamentos com cart\u00f5es de cr\u00e9dito ou d\u00e9bito. Os participantes ainda ter\u00e3o \u00e0 disposi\u00e7\u00e3o 350 banheiros qu\u00edmicos.<\/p>\n<p>A seguran\u00e7a do evento ser\u00e1 garantida com o trabalho de 2,8 mil profissionais da Pol\u00edcia Militar, da Guarda Civil Metropolitana, CET e seguran\u00e7as. Este efetivo ter\u00e1 o apoio de viaturas, motocicletas, bases comunit\u00e1rias, al\u00e9m de c\u00e2meras instaladas em pontos estrat\u00e9gicos da avenida. O servi\u00e7o m\u00e9dico ter\u00e1 10 ambulat\u00f3rios para pronto-atendimento, 10 bases comunit\u00e1rias e 10 ambul\u00e2ncias com UTI-M\u00f3vel. A limpeza ficar\u00e1 por conta de uma equipe com 800 pessoas, com carros pipa, varredeiras e caminh\u00f5es.<\/p>\n<p>O acesso ser\u00e1 feito preferencialmente pelo transporte p\u00fablico. Durante o dia 31 de dezembro e toda a madrugada do dia 1\u00ba de janeiro, o metr\u00f4\u00a0 opera ininterruptamente nas linhas 1-Azul (Esta\u00e7\u00e3o Jabaquara &#8211; Esta\u00e7\u00e3o Tucuruvi), 2-Verde (Esta\u00e7\u00e3o Vila Prudente &#8211; Esta\u00e7\u00e3o Vila Madalena), 3-Vermelha (Esta\u00e7\u00e3o Corinthians\/Itaquera &#8211; Esta\u00e7\u00e3o Palmeiras\/Barra Funda) e 4-Amarela (embarque e desembarque na Esta\u00e7\u00e3o Paulista e demais esta\u00e7\u00f5es somente desembarque, ininterrupto). As esta\u00e7\u00f5es das linhas estar\u00e3o abertas para embarque e desembarque at\u00e9 as 2 horas da manh\u00e3. Na Linha 2- Verde, ap\u00f3s esse hor\u00e1rio, a esta\u00e7\u00e3o Para\u00edso, a esta\u00e7\u00e3o Brigadeiro e a esta\u00e7\u00e3o Consola\u00e7\u00e3o ficar\u00e3o abertas para embarque e desembarque, enquanto as demais funcionam somente para desembarque. J\u00e1 a esta\u00e7\u00e3o Trianon-Masp ser\u00e1 fechada \u00e0s 18 horas do dia 31 e reaberta \u00e0s 4h40min do dia 1\u00ba.<\/p>\n<p>O R\u00e9veillon conta com a organiza\u00e7\u00e3o da SPTuris e da Playcorp, patroc\u00ednio m\u00e1ster do Banco do Brasil e do Magazine Luiza, copatroc\u00ednio da Petrobras e Brahma, apoio especial da Cielo e apoio cultural da Lei de Incentivo \u00e0 Cultura e Minist\u00e9rio da Cultura.<\/p>\n<p><em>Fonte: Prefeitura de S\u00e3o Paulo<\/em><\/p>\n\n<div style=\"font-size: 0px; height: 0px; line-height: 0px; margin: 0; padding: 0; clear: both;\"><\/div>","protected":false},"excerpt":{"rendered":"<p>A Prefeitura de S\u00e3o Paulo apresentou a programa\u00e7\u00e3o do R\u00e9veillon na Paulista 2013, a tradicional festa de Ano-novo que neste ano espera receber 2 milh\u00f5es de pessoas na avenida-s\u00edmbolo da cidade. A partir das 20h do dia 31 de dezembro, o p\u00fablico ser\u00e1 animado pelas cantoras Ti\u00ea e Daniela Mercury, os sertanejos Fernando e Sorocaba e as bandas Blitz e Tit\u00e3s. Para encerrar a comemora\u00e7\u00e3o, os DJs\u00a0 Mau Mau e Z\u00e9 Pedro transformar\u00e3o a avenida em uma enorme pista de dan\u00e7a. No momento da virada de ano, \u00e0 meia noite, haver\u00e1 15 minutos de espet\u00e1culo pirot\u00e9cnico, chuva de confetes metalizados <\/p>\n","protected":false},"author":1,"featured_media":0,"comment_status":"open","ping_status":"closed","sticky":false,"template":"","format":"standard","meta":{"footnotes":""},"categories":[6],"tags":[14],"class_list":["post-769","post","type-post","status-publish","format-standard","hentry","category-noticias-na-bela-vista","tag-bela-vista"],"aioseo_notices":[],"_links":{"self":[{"href":"https:\/\/www.encontrabelavista.com.br\/sobre\/wp-json\/wp\/v2\/posts\/769","targetHints":{"allow":["GET"]}}],"collection":[{"href":"https:\/\/www.encontrabelavista.com.br\/sobre\/wp-json\/wp\/v2\/posts"}],"about":[{"href":"https:\/\/www.encontrabelavista.com.br\/sobre\/wp-json\/wp\/v2\/types\/post"}],"author":[{"embeddable":true,"href":"https:\/\/www.encontrabelavista.com.br\/sobre\/wp-json\/wp\/v2\/users\/1"}],"replies":[{"embeddable":true,"href":"https:\/\/www.encontrabelavista.com.br\/sobre\/wp-json\/wp\/v2\/comments?post=769"}],"version-history":[{"count":0,"href":"https:\/\/www.encontrabelavista.com.br\/sobre\/wp-json\/wp\/v2\/posts\/769\/revisions"}],"wp:attachment":[{"href":"https:\/\/www.encontrabelavista.com.br\/sobre\/wp-json\/wp\/v2\/media?parent=769"}],"wp:term":[{"taxonomy":"category","embeddable":true,"href":"https:\/\/www.encontrabelavista.com.br\/sobre\/wp-json\/wp\/v2\/categories?post=769"},{"taxonomy":"post_tag","embeddable":true,"href":"https:\/\/www.encontrabelavista.com.br\/sobre\/wp-json\/wp\/v2\/tags?post=769"}],"curies":[{"name":"wp","href":"https:\/\/api.w.org\/{rel}","templated":true}]}}