{"id":787,"date":"2013-01-03T17:02:33","date_gmt":"2013-01-03T19:02:33","guid":{"rendered":"http:\/\/www.encontrabelavista.com.br\/noticias\/?p=787"},"modified":"2019-04-29T17:11:28","modified_gmt":"2019-04-29T20:11:28","slug":"cet-interdita-avenida-paulista-para-desmontagem-de-palco-do-reveillon","status":"publish","type":"post","link":"https:\/\/www.encontrabelavista.com.br\/sobre\/cet-interdita-avenida-paulista-para-desmontagem-de-palco-do-reveillon\/","title":{"rendered":"CET interdita Avenida Paulista para desmontagem de palco do R\u00e9veillon"},"content":{"rendered":"<div class=\"66f7afe30d5ab11a5499ffbde64f8398\" data-index=\"1\" style=\"float: none; margin:0px;\">\n<!-- Anuncio display - global -->\r\n<ins class=\"adsbygoogle\"\r\n     style=\"display:block\"\r\n     data-ad-client=\"ca-pub-8585364105181520\"\r\n     data-ad-slot=\"8789329856\"\r\n     data-ad-format=\"auto\"\r\n     data-full-width-responsive=\"true\"><\/ins>\r\n<script>\r\n     (adsbygoogle = window.adsbygoogle || []).push({});\r\n<\/script>\r\n\n<\/div>\n<p>A Companhia de Engenharia de Tr\u00e1fego (CET) vai interditar a Avenida Paulista, em ambos os sentidos, das 23h30 \u00e0s 4h30 de sexta-feira (4\/1), para a desmontagem do palco do R\u00e9veillon. A avenida ser\u00e1 interditada em um sentido por vez, no trecho entre a Rua Padre Jo\u00e3o Manoel e a Alameda Ministro Rocha Azevedo.<\/p>\n<p>Os motoristas que seguem no sentido Para\u00edso dever\u00e3o utilizar a Rua Padre Jo\u00e3o Manoel e as alamedas Santos, Casa Branca e Avenida Paulista. J\u00e1 os que transitam no sentido Consola\u00e7\u00e3o dever\u00e3o utilizar a Alameda Ministro Rocha Azevedo, ruas Ant\u00f4nio Carlos e Augusta, retornando \u00e0 Avenida Paulista.<\/p>\n<p>Ap\u00f3s a desmontagem do palco, a travessia de pedestres localizada na Av. Paulista entre a Alameda Ministro Rocha Azevedo e a Rua Frei Caneca ser\u00e1 reativada.<\/p>\n<p>A Engenharia de Campo da CET vai monitorar a interdi\u00e7\u00e3o e orientar os usu\u00e1rios. A CET recomenda aos motoristas que, ao avistarem a canaliza\u00e7\u00e3o da pista, reduzam a velocidade dos ve\u00edculos para maior seguran\u00e7a na via.<\/p>\n<p><em>Fonte: Prefeitura de S\u00e3o Paulo<\/em><\/p>\n\n<div style=\"font-size: 0px; height: 0px; line-height: 0px; margin: 0; padding: 0; clear: both;\"><\/div>","protected":false},"excerpt":{"rendered":"<p>A Companhia de Engenharia de Tr\u00e1fego (CET) vai interditar a Avenida Paulista, em ambos os sentidos, das 23h30 \u00e0s 4h30 de sexta-feira (4\/1), para a desmontagem do palco do R\u00e9veillon. A avenida ser\u00e1 interditada em um sentido por vez, no trecho entre a Rua Padre Jo\u00e3o Manoel e a Alameda Ministro Rocha Azevedo. Os motoristas que seguem no sentido Para\u00edso dever\u00e3o utilizar a Rua Padre Jo\u00e3o Manoel e as alamedas Santos, Casa Branca e Avenida Paulista. J\u00e1 os que transitam no sentido Consola\u00e7\u00e3o dever\u00e3o utilizar a Alameda Ministro Rocha Azevedo, ruas Ant\u00f4nio Carlos e Augusta, retornando \u00e0 Avenida Paulista. Ap\u00f3s <\/p>\n","protected":false},"author":1,"featured_media":0,"comment_status":"open","ping_status":"closed","sticky":false,"template":"","format":"standard","meta":{"footnotes":""},"categories":[6],"tags":[14],"class_list":["post-787","post","type-post","status-publish","format-standard","hentry","category-noticias-na-bela-vista","tag-bela-vista"],"aioseo_notices":[],"_links":{"self":[{"href":"https:\/\/www.encontrabelavista.com.br\/sobre\/wp-json\/wp\/v2\/posts\/787","targetHints":{"allow":["GET"]}}],"collection":[{"href":"https:\/\/www.encontrabelavista.com.br\/sobre\/wp-json\/wp\/v2\/posts"}],"about":[{"href":"https:\/\/www.encontrabelavista.com.br\/sobre\/wp-json\/wp\/v2\/types\/post"}],"author":[{"embeddable":true,"href":"https:\/\/www.encontrabelavista.com.br\/sobre\/wp-json\/wp\/v2\/users\/1"}],"replies":[{"embeddable":true,"href":"https:\/\/www.encontrabelavista.com.br\/sobre\/wp-json\/wp\/v2\/comments?post=787"}],"version-history":[{"count":0,"href":"https:\/\/www.encontrabelavista.com.br\/sobre\/wp-json\/wp\/v2\/posts\/787\/revisions"}],"wp:attachment":[{"href":"https:\/\/www.encontrabelavista.com.br\/sobre\/wp-json\/wp\/v2\/media?parent=787"}],"wp:term":[{"taxonomy":"category","embeddable":true,"href":"https:\/\/www.encontrabelavista.com.br\/sobre\/wp-json\/wp\/v2\/categories?post=787"},{"taxonomy":"post_tag","embeddable":true,"href":"https:\/\/www.encontrabelavista.com.br\/sobre\/wp-json\/wp\/v2\/tags?post=787"}],"curies":[{"name":"wp","href":"https:\/\/api.w.org\/{rel}","templated":true}]}}