{"id":792,"date":"2013-01-07T17:17:13","date_gmt":"2013-01-07T19:17:13","guid":{"rendered":"http:\/\/www.encontrabelavista.com.br\/noticias\/?p=792"},"modified":"2019-04-29T17:11:28","modified_gmt":"2019-04-29T20:11:28","slug":"grupos-se-organizam-para-fazer-e-cuidar-de-horta-na-bela-vista","status":"publish","type":"post","link":"https:\/\/www.encontrabelavista.com.br\/sobre\/grupos-se-organizam-para-fazer-e-cuidar-de-horta-na-bela-vista\/","title":{"rendered":"Grupos se organizam para fazer e cuidar de horta na Bela Vista"},"content":{"rendered":"<div class=\"66f7afe30d5ab11a5499ffbde64f8398\" data-index=\"1\" style=\"float: none; margin:0px;\">\n<!-- Anuncio display - global -->\r\n<ins class=\"adsbygoogle\"\r\n     style=\"display:block\"\r\n     data-ad-client=\"ca-pub-8585364105181520\"\r\n     data-ad-slot=\"8789329856\"\r\n     data-ad-format=\"auto\"\r\n     data-full-width-responsive=\"true\"><\/ins>\r\n<script>\r\n     (adsbygoogle = window.adsbygoogle || []).push({});\r\n<\/script>\r\n\n<\/div>\n<p>Todos os dias, a caminho do trabalho, o advogado Luciano Santos, 54, diminui o passo quando se aproxima da pra\u00e7a do Ciclista, no final da avenida Paulista, regi\u00e3o central. De terno, examina o verde ao centro da pra\u00e7a para ver se h\u00e1 algo que possa danificar os p\u00e9s de alecrim, couve, manjeric\u00e3o, milho e tomate plantados ali.<\/p>\n<p>Desde outubro, um grupo formado por ciclistas e entusiastas da agricultura urbana organiza o plantio de hortali\u00e7as no local. Depois de fazer com que a pra\u00e7a se tornasse ponto de encontro das &#8220;bikes&#8221;, eles tiveram a ideia de ocupar o terreno com verduras. &#8220;O lugar estava malcuidado e isso [a horta] representa a apropria\u00e7\u00e3o do espa\u00e7o pelos cidad\u00e3os&#8221;, diz Luciano.<\/p>\n<p>Al\u00e9m da Paulista, h\u00e1 outras hortas em pra\u00e7as da cidade. Apesar da organiza\u00e7\u00e3o de gente que se reveza para cuidar dos espa\u00e7os, qualquer um pode colher os alimentos e ajudar a regar. A iniciativa surgiu na internet com a comunidade Hortel\u00f5es Urbanos (http:\/\/on.fb.me\/horteloesurbano) no Facebook, de 2011, para promover a troca de dados sobre jardinagem. Hoje, s\u00e3o cerca de 2.000 membros.<\/p>\n<p>Al\u00e9m da ocupa\u00e7\u00e3o do espa\u00e7o p\u00fablico, a chamada agricultura urbana pode ter objetivos variados, como fornecer alimentos sem agrot\u00f3xico, fortalecer os la\u00e7os entre vizinhos e incentivar a educa\u00e7\u00e3o ambiental.<\/p>\n<p>Foi a partir do encontro virtual que a ideia come\u00e7ou a ser plantada em julho no bairro da Vila Madalena, zona oeste de SP. Um grupo de moradores colocou as m\u00e3os na terra para viabilizar a horta na pra\u00e7a Dolores Ibarruri, tamb\u00e9m conhecida como pra\u00e7a das Corujas.<\/p>\n<p><strong>PARTICIPA\u00c7\u00c3O DA PREFEITURA<\/strong><\/p>\n<p>Diferentemente do grupo da Paulista, antes de come\u00e7ar a trabalhar eles procuraram a Subprefeitura de Pinheiros para saber como utilizar o espa\u00e7o. &#8220;J\u00e1 \u00e9ramos um grupo que cuidava da manuten\u00e7\u00e3o da pra\u00e7a e, quando procuramos o subprefeito, ele sabia disso&#8221;, conta a administradora de empresas Madalena Buzzo, 51.<\/p>\n<p>A subprefeitura mandou uma agr\u00f4noma avaliar o terreno e cedeu terra e funcion\u00e1rios para fazer uma cerca. &#8220;Eles n\u00e3o nos ensinaram a plantar, mas forneceram uma infraestrutura que n\u00e3o poder\u00edamos bancar&#8221;, diz.<\/p>\n<p>Segundo a prefeitura, os interessados em cultivar em espa\u00e7o p\u00fablico devem procurar a subprefeitura local para obter orienta\u00e7\u00f5es sobre onde, o qu\u00ea e como plantar. As instru\u00e7\u00f5es v\u00e3o desde a altura das cercas at\u00e9 a proibi\u00e7\u00e3o de invadir outros espa\u00e7os, como \u00e1reas para brinquedos.<\/p>\n<p>&#8220;Se um abacate cai na cabe\u00e7a de algu\u00e9m, por exemplo, \u00e9 responsabilidade da prefeitura&#8221;, afirma Madalena. A educadora Fl\u00e1via Aidar j\u00e1 tinha visto a movimenta\u00e7\u00e3o no local, mas nunca se envolveu com a horta. Num final de semana, por\u00e9m, recorreu a ela -preparava uma receita com tomilho, mas estava sem o tempero. &#8220;Parece coisa de cidade do interior. N\u00e3o estamos acostumados com o coletivo.&#8221;<\/p>\n<p>Perto dali, outro plantio colore a pra\u00e7a Maria Noeli Carly Lacerda. &#8220;Aqui a horta \u00e9 algo que ajuda o p\u00fablico da terceira idade a manter uma atividade e uma vida mais saud\u00e1vel&#8221;, conta a arquiteta Susana Prizendt, 38.\u00a0Mesmo expostas, as hortas t\u00eam sido preservadas. &#8220;At\u00e9 hoje n\u00e3o houve depreda\u00e7\u00e3o&#8221;, diz a jornalista Claudia Visoni, 46, que cuida das planta\u00e7\u00f5es da Paulista e da pra\u00e7a das Corujas.<\/p>\n<p>Na zona leste, 21 hortas v\u00e3o al\u00e9m do uso do espa\u00e7o p\u00fablico. Elas geram renda para fam\u00edlias da periferia por meio da ONG Cidades Sem Fome (http:\/\/cidadessemfome.org\u00a0). A ideia come\u00e7ou em 2004 pelas m\u00e3os do ga\u00facho Hans Dieter Temp, 48.<\/p>\n<p>Para ele, \u00e9 poss\u00edvel plantar em qualquer local retirando o entulho e recuperando o solo. &#8220;As hortas s\u00e3o o\u00e1sis verdes dentro de regi\u00f5es que est\u00e3o degradadas&#8221;, afirma.<\/p>\n<p><strong>COMO FAZER HORTA NA CIDADE<\/strong><br \/>\n<strong>1.<\/strong>\u00a0Forme um grupo que se comprometa com a manuten\u00e7\u00e3o da horta. Procure a subprefeitura do bairro para obter orienta\u00e7\u00f5es de como e onde plantar<\/p>\n<p><strong>2.<\/strong>\u00a0Delimite o local (os canteiros devem ter no m\u00e1ximo 1,20 m de largura) e, com uma enxada, revolva a terra para retirar ra\u00edzes, grama e pedrinhas<\/p>\n<p><strong>3.<\/strong>\u00a0Espalhe adubo -um ou dois baldes para cada metro quadrado<\/p>\n<p><strong>4.<\/strong>\u00a0Cubra o canteiro com mais de 10 cm de espessura de material seco (palha, folhas ou grama). Deixe a terra descansar 15 dias, regando de vez em quando<\/p>\n<p><strong>5.<\/strong>\u00a0\u00c9 hora de plantar: temperos s\u00e3o boa op\u00e7\u00e3o para come\u00e7ar. Siga as instru\u00e7\u00f5es que v\u00eam com as sementes<\/p>\n<p><strong>6.<\/strong>\u00a0Para regar, prefira o in\u00edcio da manh\u00e3 e o fim da tarde. A terra deve estar fofa. Se ficar dura, veja se est\u00e1 faltando \u00e1gua ou se a mat\u00e9ria seca precisa de refor\u00e7o<\/p>\n<p><strong>Fontes:<\/strong>\u00a0Claudia Visoni e Madalena Buzzo, integrantes do grupo Hortel\u00f5es Urbanos<\/p>\n<p><em>Fonte: Folha.com<\/em><\/p>\n\n<div style=\"font-size: 0px; height: 0px; line-height: 0px; margin: 0; padding: 0; clear: both;\"><\/div>","protected":false},"excerpt":{"rendered":"<p>Todos os dias, a caminho do trabalho, o advogado Luciano Santos, 54, diminui o passo quando se aproxima da pra\u00e7a do Ciclista, no final da avenida Paulista, regi\u00e3o central. De terno, examina o verde ao centro da pra\u00e7a para ver se h\u00e1 algo que possa danificar os p\u00e9s de alecrim, couve, manjeric\u00e3o, milho e tomate plantados ali. Desde outubro, um grupo formado por ciclistas e entusiastas da agricultura urbana organiza o plantio de hortali\u00e7as no local. Depois de fazer com que a pra\u00e7a se tornasse ponto de encontro das &#8220;bikes&#8221;, eles tiveram a ideia de ocupar o terreno com verduras. <\/p>\n","protected":false},"author":1,"featured_media":0,"comment_status":"open","ping_status":"closed","sticky":false,"template":"","format":"standard","meta":{"footnotes":""},"categories":[6],"tags":[14],"class_list":["post-792","post","type-post","status-publish","format-standard","hentry","category-noticias-na-bela-vista","tag-bela-vista"],"aioseo_notices":[],"_links":{"self":[{"href":"https:\/\/www.encontrabelavista.com.br\/sobre\/wp-json\/wp\/v2\/posts\/792","targetHints":{"allow":["GET"]}}],"collection":[{"href":"https:\/\/www.encontrabelavista.com.br\/sobre\/wp-json\/wp\/v2\/posts"}],"about":[{"href":"https:\/\/www.encontrabelavista.com.br\/sobre\/wp-json\/wp\/v2\/types\/post"}],"author":[{"embeddable":true,"href":"https:\/\/www.encontrabelavista.com.br\/sobre\/wp-json\/wp\/v2\/users\/1"}],"replies":[{"embeddable":true,"href":"https:\/\/www.encontrabelavista.com.br\/sobre\/wp-json\/wp\/v2\/comments?post=792"}],"version-history":[{"count":0,"href":"https:\/\/www.encontrabelavista.com.br\/sobre\/wp-json\/wp\/v2\/posts\/792\/revisions"}],"wp:attachment":[{"href":"https:\/\/www.encontrabelavista.com.br\/sobre\/wp-json\/wp\/v2\/media?parent=792"}],"wp:term":[{"taxonomy":"category","embeddable":true,"href":"https:\/\/www.encontrabelavista.com.br\/sobre\/wp-json\/wp\/v2\/categories?post=792"},{"taxonomy":"post_tag","embeddable":true,"href":"https:\/\/www.encontrabelavista.com.br\/sobre\/wp-json\/wp\/v2\/tags?post=792"}],"curies":[{"name":"wp","href":"https:\/\/api.w.org\/{rel}","templated":true}]}}