{"id":797,"date":"2013-01-11T15:57:34","date_gmt":"2013-01-11T17:57:34","guid":{"rendered":"http:\/\/www.encontrabelavista.com.br\/noticias\/?p=797"},"modified":"2019-04-29T17:11:28","modified_gmt":"2019-04-29T20:11:28","slug":"bela-vista-casa-das-rosas-apresenta-programacao-de-oficinas-gratuitas","status":"publish","type":"post","link":"https:\/\/www.encontrabelavista.com.br\/sobre\/bela-vista-casa-das-rosas-apresenta-programacao-de-oficinas-gratuitas\/","title":{"rendered":"Bela Vista: Casa das Rosas apresenta programa\u00e7\u00e3o de oficinas gratuitas"},"content":{"rendered":"<div class=\"66f7afe30d5ab11a5499ffbde64f8398\" data-index=\"1\" style=\"float: none; margin:0px;\">\n<!-- Anuncio display - global -->\r\n<ins class=\"adsbygoogle\"\r\n     style=\"display:block\"\r\n     data-ad-client=\"ca-pub-8585364105181520\"\r\n     data-ad-slot=\"8789329856\"\r\n     data-ad-format=\"auto\"\r\n     data-full-width-responsive=\"true\"><\/ins>\r\n<script>\r\n     (adsbygoogle = window.adsbygoogle || []).push({});\r\n<\/script>\r\n\n<\/div>\n<p>A temporada 2013 de oficinas gratuitas na Casa das Rosas &#8211; Espa\u00e7o Haroldo de Campos de Poesia e Literatura, na capital, come\u00e7a dia 12 de janeiro. Para participar, basta fazer a inscri\u00e7\u00e3o, na recep\u00e7\u00e3o da Casa das Rosas. A programa\u00e7\u00e3o da 9\u00aa edi\u00e7\u00e3o do Ver\u00e3o de Poesia ter\u00e1 atividades voltadas para a videopoesia, cria\u00e7\u00e3o po\u00e9tica, elabora\u00e7\u00e3o de escrita para fic\u00e7\u00e3o e hist\u00f3ria do Haicai.<\/p>\n<p>Todas as oficinas s\u00e3o gratuitas e d\u00e3o direito a certificado digital de participa\u00e7\u00e3o para quem tiver m\u00ednimo de 75% de frequ\u00eancia. As vagas s\u00e3o limitadas. S\u00e3o 35 alunos para as oficinas de cria\u00e7\u00e3o po\u00e9tica, elabora\u00e7\u00e3o de escrita para fic\u00e7\u00e3o e hist\u00f3ria do Haicai e 15 para a oficina Videopoesia: Da teoria \u00e0 pr\u00e1tica.<\/p>\n<p><strong>SERVI\u00c7O<\/strong><\/p>\n<p><strong>Ver\u00e3o de Poesia &#8211; Oficinas gratuitas<\/strong><\/p>\n<p>A partir de 12 de janeiro<br \/>\nCasa das Rosas &#8211; Espa\u00e7o Haroldo de Campos de Poesia e Literatura (Avenida Paulista, 37, pr\u00f3ximo \u00e0 <a href=\"http:\/\/www.encontrabelavista.com.br\/bela-vista\/estacao-brigadeiro-na-bela-vista.shtml\" target=\"_blank\">Esta\u00e7\u00e3o Brigadeiro do Metr\u00f4<\/a>, S\u00e3o Paulo, SP)<br \/>\n(11) 3285-6986 \/ (11) 3288-9447<\/p>\n<p><em>Fonte: Governo de SP<\/em><\/p>\n\n<div style=\"font-size: 0px; height: 0px; line-height: 0px; margin: 0; padding: 0; clear: both;\"><\/div>","protected":false},"excerpt":{"rendered":"<p>A temporada 2013 de oficinas gratuitas na Casa das Rosas &#8211; Espa\u00e7o Haroldo de Campos de Poesia e Literatura, na capital, come\u00e7a dia 12 de janeiro. Para participar, basta fazer a inscri\u00e7\u00e3o, na recep\u00e7\u00e3o da Casa das Rosas. A programa\u00e7\u00e3o da 9\u00aa edi\u00e7\u00e3o do Ver\u00e3o de Poesia ter\u00e1 atividades voltadas para a videopoesia, cria\u00e7\u00e3o po\u00e9tica, elabora\u00e7\u00e3o de escrita para fic\u00e7\u00e3o e hist\u00f3ria do Haicai. Todas as oficinas s\u00e3o gratuitas e d\u00e3o direito a certificado digital de participa\u00e7\u00e3o para quem tiver m\u00ednimo de 75% de frequ\u00eancia. As vagas s\u00e3o limitadas. S\u00e3o 35 alunos para as oficinas de cria\u00e7\u00e3o po\u00e9tica, elabora\u00e7\u00e3o de <\/p>\n","protected":false},"author":1,"featured_media":0,"comment_status":"open","ping_status":"closed","sticky":false,"template":"","format":"standard","meta":{"footnotes":""},"categories":[3],"tags":[14],"class_list":["post-797","post","type-post","status-publish","format-standard","hentry","category-cursos-na-bela-vista","tag-bela-vista"],"aioseo_notices":[],"_links":{"self":[{"href":"https:\/\/www.encontrabelavista.com.br\/sobre\/wp-json\/wp\/v2\/posts\/797","targetHints":{"allow":["GET"]}}],"collection":[{"href":"https:\/\/www.encontrabelavista.com.br\/sobre\/wp-json\/wp\/v2\/posts"}],"about":[{"href":"https:\/\/www.encontrabelavista.com.br\/sobre\/wp-json\/wp\/v2\/types\/post"}],"author":[{"embeddable":true,"href":"https:\/\/www.encontrabelavista.com.br\/sobre\/wp-json\/wp\/v2\/users\/1"}],"replies":[{"embeddable":true,"href":"https:\/\/www.encontrabelavista.com.br\/sobre\/wp-json\/wp\/v2\/comments?post=797"}],"version-history":[{"count":0,"href":"https:\/\/www.encontrabelavista.com.br\/sobre\/wp-json\/wp\/v2\/posts\/797\/revisions"}],"wp:attachment":[{"href":"https:\/\/www.encontrabelavista.com.br\/sobre\/wp-json\/wp\/v2\/media?parent=797"}],"wp:term":[{"taxonomy":"category","embeddable":true,"href":"https:\/\/www.encontrabelavista.com.br\/sobre\/wp-json\/wp\/v2\/categories?post=797"},{"taxonomy":"post_tag","embeddable":true,"href":"https:\/\/www.encontrabelavista.com.br\/sobre\/wp-json\/wp\/v2\/tags?post=797"}],"curies":[{"name":"wp","href":"https:\/\/api.w.org\/{rel}","templated":true}]}}