{"id":814,"date":"2013-01-30T18:10:10","date_gmt":"2013-01-30T20:10:10","guid":{"rendered":"http:\/\/www.encontrabelavista.com.br\/noticias\/?p=814"},"modified":"2019-04-29T17:11:06","modified_gmt":"2019-04-29T20:11:06","slug":"casa-das-rosas-abre-inscricoes-para-coral-de-poesia","status":"publish","type":"post","link":"https:\/\/www.encontrabelavista.com.br\/sobre\/casa-das-rosas-abre-inscricoes-para-coral-de-poesia\/","title":{"rendered":"Casa das Rosas abre inscri\u00e7\u00f5es para coral de poesia"},"content":{"rendered":"<div class=\"66f7afe30d5ab11a5499ffbde64f8398\" data-index=\"1\" style=\"float: none; margin:0px;\">\n<!-- Anuncio display - global -->\r\n<ins class=\"adsbygoogle\"\r\n     style=\"display:block\"\r\n     data-ad-client=\"ca-pub-8585364105181520\"\r\n     data-ad-slot=\"8789329856\"\r\n     data-ad-format=\"auto\"\r\n     data-full-width-responsive=\"true\"><\/ins>\r\n<script>\r\n     (adsbygoogle = window.adsbygoogle || []).push({});\r\n<\/script>\r\n\n<\/div>\n<p>J\u00e1 est\u00e3o abertas as inscri\u00e7\u00f5es para o projeto Cantando a Poesia, organizado pela <a href=\"http:\/\/www.encontrabelavista.com.br\/bela-vista\/casa-das-rosas-na-bela-vista.shtml\" target=\"_blank\">Casa das Rosas<\/a> &#8211; Espa\u00e7o Haroldo de Campos de Poesia e Literatura. O foco do projeto \u00e9 promover a interpreta\u00e7\u00e3o musical de poemas de autores brasileiros cl\u00e1ssicos e outros desconhecidos do grande p\u00fablico.<\/p>\n<p>O Cantando a Poesia permitir\u00e1 que os participantes e o p\u00fablico ouvinte ampliem sua percep\u00e7\u00e3o e o gosto pela m\u00fasica e pela poesia. Ser\u00e3o oferecidas 20 vagas e os encontros acontecer\u00e3o das 19h30 \u00e0s 20h30, sempre \u00e0s quartas-feiras.<\/p>\n<p>As inscri\u00e7\u00f5es podem ser feitas at\u00e9 o dia 15 de fevereiro na recep\u00e7\u00e3o da Casa das Rosas. Para efetivar a matr\u00edcula \u00e9 necess\u00e1rio o preenchimento de uma carta de interesse no ato da inscri\u00e7\u00e3o.<\/p>\n<p><strong>SERVI\u00c7O<\/strong><br \/>\n<em><\/em><\/p>\n<p><strong>Coral Casa das Rosas: Cantando a Poesia<\/strong><\/p>\n<p>Inscri\u00e7\u00f5es at\u00e9 15 de fevereiro<br \/>\nCasa das Rosas (Avenida Paulista, 37 &#8211; Guia Bela Vista &#8211; \u00a0pr\u00f3ximo \u00e0 <a href=\"http:\/\/www.encontrabelavista.com.br\/bela-vista\/estacao-brigadeiro-na-bela-vista.shtml\" target=\"_blank\">Esta\u00e7\u00e3o Brigadeiro do Metr\u00f4<\/a>)<br \/>\nHor\u00e1rio de funcionamento: de ter\u00e7a-feira a s\u00e1bado, das 10h \u00e0s 22h;<br \/>\ndomingos e feriados, das 10h \u00e0s 18h.<br \/>\nTelefone: (11) 3285-6986 \/ (11) 3288-9447<br \/>\nBlog:\u00a0casadasrosas-sp.blogspot.com<\/p>\n<p><em>Fonte: Governo de SP<\/em><\/p>\n\n<div style=\"font-size: 0px; height: 0px; line-height: 0px; margin: 0; padding: 0; clear: both;\"><\/div>","protected":false},"excerpt":{"rendered":"<p>J\u00e1 est\u00e3o abertas as inscri\u00e7\u00f5es para o projeto Cantando a Poesia, organizado pela Casa das Rosas &#8211; Espa\u00e7o Haroldo de Campos de Poesia e Literatura. O foco do projeto \u00e9 promover a interpreta\u00e7\u00e3o musical de poemas de autores brasileiros cl\u00e1ssicos e outros desconhecidos do grande p\u00fablico. O Cantando a Poesia permitir\u00e1 que os participantes e o p\u00fablico ouvinte ampliem sua percep\u00e7\u00e3o e o gosto pela m\u00fasica e pela poesia. Ser\u00e3o oferecidas 20 vagas e os encontros acontecer\u00e3o das 19h30 \u00e0s 20h30, sempre \u00e0s quartas-feiras. As inscri\u00e7\u00f5es podem ser feitas at\u00e9 o dia 15 de fevereiro na recep\u00e7\u00e3o da Casa das <\/p>\n","protected":false},"author":1,"featured_media":0,"comment_status":"open","ping_status":"closed","sticky":false,"template":"","format":"standard","meta":{"footnotes":""},"categories":[3],"tags":[14],"class_list":["post-814","post","type-post","status-publish","format-standard","hentry","category-cursos-na-bela-vista","tag-bela-vista"],"aioseo_notices":[],"_links":{"self":[{"href":"https:\/\/www.encontrabelavista.com.br\/sobre\/wp-json\/wp\/v2\/posts\/814","targetHints":{"allow":["GET"]}}],"collection":[{"href":"https:\/\/www.encontrabelavista.com.br\/sobre\/wp-json\/wp\/v2\/posts"}],"about":[{"href":"https:\/\/www.encontrabelavista.com.br\/sobre\/wp-json\/wp\/v2\/types\/post"}],"author":[{"embeddable":true,"href":"https:\/\/www.encontrabelavista.com.br\/sobre\/wp-json\/wp\/v2\/users\/1"}],"replies":[{"embeddable":true,"href":"https:\/\/www.encontrabelavista.com.br\/sobre\/wp-json\/wp\/v2\/comments?post=814"}],"version-history":[{"count":0,"href":"https:\/\/www.encontrabelavista.com.br\/sobre\/wp-json\/wp\/v2\/posts\/814\/revisions"}],"wp:attachment":[{"href":"https:\/\/www.encontrabelavista.com.br\/sobre\/wp-json\/wp\/v2\/media?parent=814"}],"wp:term":[{"taxonomy":"category","embeddable":true,"href":"https:\/\/www.encontrabelavista.com.br\/sobre\/wp-json\/wp\/v2\/categories?post=814"},{"taxonomy":"post_tag","embeddable":true,"href":"https:\/\/www.encontrabelavista.com.br\/sobre\/wp-json\/wp\/v2\/tags?post=814"}],"curies":[{"name":"wp","href":"https:\/\/api.w.org\/{rel}","templated":true}]}}