{"id":923,"date":"2013-04-12T15:29:07","date_gmt":"2013-04-12T18:29:07","guid":{"rendered":"http:\/\/www.encontrabelavista.com.br\/noticias\/?p=923"},"modified":"2019-04-29T17:11:04","modified_gmt":"2019-04-29T20:11:04","slug":"escola-do-masp-abre-inscricoes-de-cursos-para-segundo-bimestre-de-2013","status":"publish","type":"post","link":"https:\/\/www.encontrabelavista.com.br\/sobre\/escola-do-masp-abre-inscricoes-de-cursos-para-segundo-bimestre-de-2013\/","title":{"rendered":"Escola do MASP abre inscri\u00e7\u00f5es de cursos para segundo bimestre de 2013"},"content":{"rendered":"<div class=\"66f7afe30d5ab11a5499ffbde64f8398\" data-index=\"1\" style=\"float: none; margin:0px;\">\n<!-- Anuncio display - global -->\r\n<ins class=\"adsbygoogle\"\r\n     style=\"display:block\"\r\n     data-ad-client=\"ca-pub-8585364105181520\"\r\n     data-ad-slot=\"8789329856\"\r\n     data-ad-format=\"auto\"\r\n     data-full-width-responsive=\"true\"><\/ins>\r\n<script>\r\n     (adsbygoogle = window.adsbygoogle || []).push({});\r\n<\/script>\r\n\n<\/div>\n<p>J\u00e1 est\u00e3o abertas as inscri\u00e7\u00f5es para os cursos para segundo bimestre de 2013 da escola do <a href=\"http:\/\/www.encontrabelavista.com.br\/bela-vista\/masp-na-bela-vista.shtml\" target=\"_blank\">MASP<\/a>.<\/p>\n<p>Os novos cursos no bairro da Bela Vista, voltados a todos os interessados em arte, com ou sem forma\u00e7\u00e3o na \u00e1rea, ser\u00e3o ministrados por profissionais e estudiosos da \u00e1rea, e tratar\u00e3o de tr\u00eas temas diferentes: Michelangelo e a Capela Sistina, tra\u00e7ando um panorama da pintura italiana no s\u00e9culo XV e do primeiro ciclo de afrescos do qual o artista fez parte; Arte no S\u00e9culo XIX no Brasil, tratando sobre a pr\u00e1tica art\u00edstica no Rio de Janeiro no s\u00e9culo XIX e Arte Conceitual: as propostas dada\u00edstas e a obra de Josef Beuys, estudando a obra e o estilo art\u00edstico do artista.<\/p>\n<p>Para realizar a matr\u00edcula \u00e9 s\u00f3 ir at\u00e9 o MASP um dia antes do in\u00edcio de cada curso. A Escola funciona de segunda \u00e0 sexta-feira, das 14h \u00e0s 19h. \u00c9 preciso levar c\u00f3pia do RG e CPF, comprovante de resid\u00eancia,\u00a0ficha de inscri\u00e7\u00e3o\u00a0preenchida e duas fotos 3&#215;4. Estudantes, professores e aposentados devem apresentar documentos que comprovem que assim o s\u00e3o.<\/p>\n<p><b>Michelangelo e a Capela Sistina<\/b><br \/>\nProfessor Dr. Eduardo Kickh\u00f6fel<br \/>\nSegunda-feira das 19h \u00e0s 21h<br \/>\nInvestimento: R$ 450,00\/ R$ 240,00 (meia)<br \/>\nDura\u00e7\u00e3o do m\u00f3dulo: 8 aulas (16 horas\/aula)<br \/>\nPer\u00edodo:06\/05 a 24\/06<br \/>\nO curso mostrar\u00e1 em detalhes a capela erguida ao final do s\u00e9culo XV por Sixto IV, tendo por foco os afrescos de Michelangelo. De modo introdut\u00f3rio, veremos um panorama da pintura italiana at\u00e9 o final do s\u00e9culo XV e o primeiro ciclo de afrescos feito pelos mais importantes pintores florentinos da \u00e9poca, assim como a obra do jovem Michelangelo. Tendo isso, veremos o teto da capela pintado por Michelangelo no in\u00edcio do XVI, o ciclo de afrescos mais importante do s\u00e9culo XVI, e o Ju\u00edzo Final, obra que aponta para a arte do s\u00e9culo seguinte ao apresentar a figura humana distante dos modelos antigos.<\/p>\n<p><b>Arte do s\u00e9culo XIX no Brasil<\/b><br \/>\nProfessora Dra. Leticia Squeff<br \/>\nTer\u00e7a-feira das 19h \u00e0s 21h<br \/>\nInvestimento: R$ 450,00 \/ R$ 240,00 (meia)<br \/>\nDura\u00e7\u00e3o do m\u00f3dulo: 8 aulas (16 horas\/aula)<br \/>\nPer\u00edodo: 07\/05 a 25\/06<br \/>\nO curso pretende discutir as principais quest\u00f5es da pr\u00e1tica art\u00edstica no Rio de Janeiro do s\u00e9culo XIX, tais como: o funcionamento da academia de artes, as rela\u00e7\u00f5es com artistas estrangeiros, a lenta forma\u00e7\u00e3o de um sistema de artes. A perman\u00eancia da escravid\u00e3o e a situa\u00e7\u00e3o inst\u00e1vel dos artistas numa sociedade fortemente estratificada fundamentam a an\u00e1lise de obras e temas. O curso termina no in\u00edcio do s\u00e9culo XX, com a difus\u00e3o dos valores acad\u00eamicos em outros centros e sua dilui\u00e7\u00e3o a partir do contato dos artistas com novas correntes art\u00edsticas.<\/p>\n<p><b>Arte Conceitual: as propostas dada\u00edstas e a obra de Josef Beuys<\/b><br \/>\nProfessora Dra. Ana Maria Hoffmann<br \/>\nQuinta-feira das 19h \u00e0s 21h<br \/>\nInvestimento: R$ 450,00 \/ R$ 240,00 (meia)<br \/>\nDura\u00e7\u00e3o do m\u00f3dulo: 8 aulas (16 horas\/aula)<br \/>\nPer\u00edodo: 09\/05a 05\/07<br \/>\nAtrav\u00e9s de aulas expositivas combinadas orienta\u00e7\u00e3o de leituras e visita\u00e7\u00e3o a sites, procuraremos desenvolver com os alunos aproxima\u00e7\u00f5es dos assuntos relacionados no conte\u00fado program\u00e1tico de forma cr\u00edtica e, fazendo an\u00e1lises hist\u00f3ricas e estil\u00edsticas de obras e de artistas.<\/p>\n<p>Escola do MASP<br \/>\nHor\u00e1rio de funcionamento: de segunda a sexta-feira, das 14h \u00e0s 19h.<br \/>\nContato:(11) 3251-5644 ramal 2104 ou 3253-9663 | escola@masp.art.br<\/p>\n\n<div style=\"font-size: 0px; height: 0px; line-height: 0px; margin: 0; padding: 0; clear: both;\"><\/div>","protected":false},"excerpt":{"rendered":"<p>J\u00e1 est\u00e3o abertas as inscri\u00e7\u00f5es para os cursos para segundo bimestre de 2013 da escola do MASP. Os novos cursos no bairro da Bela Vista, voltados a todos os interessados em arte, com ou sem forma\u00e7\u00e3o na \u00e1rea, ser\u00e3o ministrados por profissionais e estudiosos da \u00e1rea, e tratar\u00e3o de tr\u00eas temas diferentes: Michelangelo e a Capela Sistina, tra\u00e7ando um panorama da pintura italiana no s\u00e9culo XV e do primeiro ciclo de afrescos do qual o artista fez parte; Arte no S\u00e9culo XIX no Brasil, tratando sobre a pr\u00e1tica art\u00edstica no Rio de Janeiro no s\u00e9culo XIX e Arte Conceitual: as <\/p>\n","protected":false},"author":1,"featured_media":0,"comment_status":"open","ping_status":"closed","sticky":false,"template":"","format":"standard","meta":{"footnotes":""},"categories":[3],"tags":[14],"class_list":["post-923","post","type-post","status-publish","format-standard","hentry","category-cursos-na-bela-vista","tag-bela-vista"],"aioseo_notices":[],"_links":{"self":[{"href":"https:\/\/www.encontrabelavista.com.br\/sobre\/wp-json\/wp\/v2\/posts\/923","targetHints":{"allow":["GET"]}}],"collection":[{"href":"https:\/\/www.encontrabelavista.com.br\/sobre\/wp-json\/wp\/v2\/posts"}],"about":[{"href":"https:\/\/www.encontrabelavista.com.br\/sobre\/wp-json\/wp\/v2\/types\/post"}],"author":[{"embeddable":true,"href":"https:\/\/www.encontrabelavista.com.br\/sobre\/wp-json\/wp\/v2\/users\/1"}],"replies":[{"embeddable":true,"href":"https:\/\/www.encontrabelavista.com.br\/sobre\/wp-json\/wp\/v2\/comments?post=923"}],"version-history":[{"count":0,"href":"https:\/\/www.encontrabelavista.com.br\/sobre\/wp-json\/wp\/v2\/posts\/923\/revisions"}],"wp:attachment":[{"href":"https:\/\/www.encontrabelavista.com.br\/sobre\/wp-json\/wp\/v2\/media?parent=923"}],"wp:term":[{"taxonomy":"category","embeddable":true,"href":"https:\/\/www.encontrabelavista.com.br\/sobre\/wp-json\/wp\/v2\/categories?post=923"},{"taxonomy":"post_tag","embeddable":true,"href":"https:\/\/www.encontrabelavista.com.br\/sobre\/wp-json\/wp\/v2\/tags?post=923"}],"curies":[{"name":"wp","href":"https:\/\/api.w.org\/{rel}","templated":true}]}}