{"id":980,"date":"2013-06-14T14:11:35","date_gmt":"2013-06-14T17:11:35","guid":{"rendered":"http:\/\/www.encontrabelavista.com.br\/noticias\/?p=980"},"modified":"2019-04-29T17:11:02","modified_gmt":"2019-04-29T20:11:02","slug":"motorista-atropela-2-ao-se-irritar-com-bloqueio-da-avenida-paulista","status":"publish","type":"post","link":"https:\/\/www.encontrabelavista.com.br\/sobre\/motorista-atropela-2-ao-se-irritar-com-bloqueio-da-avenida-paulista\/","title":{"rendered":"Motorista atropela 2 ao se irritar com bloqueio da Avenida Paulista"},"content":{"rendered":"<div class=\"66f7afe30d5ab11a5499ffbde64f8398\" data-index=\"1\" style=\"float: none; margin:0px;\">\n<!-- Anuncio display - global -->\r\n<ins class=\"adsbygoogle\"\r\n     style=\"display:block\"\r\n     data-ad-client=\"ca-pub-8585364105181520\"\r\n     data-ad-slot=\"8789329856\"\r\n     data-ad-format=\"auto\"\r\n     data-full-width-responsive=\"true\"><\/ins>\r\n<script>\r\n     (adsbygoogle = window.adsbygoogle || []).push({});\r\n<\/script>\r\n\n<\/div>\n<p>Dois jovens &#8211; um homem e uma mulher &#8211; foram atropelados, na noite dessa ter\u00e7a-feira, por um motorista que se irritou com o protesto contra o aumento da tarifa do \u00f4nibus em S\u00e3o Paulo. O atropelamento ocorreu por volta das 22h, quando um grupo de cerca de 100 manifestantes bloqueva a avenida Paulista, no sentido centro, na altura da rua Bela Cintra. Irritado com o bloqueio, o motorista que dirigia um Fiat Uno deu a r\u00e9 na pista e, em seguida, acelerou o ve\u00edculo sobre os manifestantes.<\/p>\n<p>Os dois estudantes atropelados n\u00e3o se feriram com gravidade e foram socorridos por outros manifestantes. O motorista do carro fugiu: parte dos manifestantes tentou alcan\u00e7a-lo, mas n\u00e3o conseguiu. Eles informaram \u00e0 Pol\u00edcia Militar o n\u00famero da placa do ve\u00edculo no bairro Bela Vista.<\/p>\n<p>A manifesta\u00e7\u00e3o come\u00e7ou por volta das 17h, na pra\u00e7a do Ciclista, na avenida Paulista, e percorreu ruas importantes de S\u00e3o Paulo, entre elas a rua da Consola\u00e7\u00e3o, a Liga\u00e7\u00e3o Leste-Oeste, a avenida Liberdade e a avenida Brigadeiro Luis Antonio. A PM estima que cerca de 3 mil pessoas participaram do protesto, mas os organizadores apontam mais de 5 mil manifestantes. A passeata, que come\u00e7ou pac\u00edfica, terminou em confronto entre manifestantes e policiais militares, al\u00e9m de atos de vandalismo contra v\u00e1rias ag\u00eancias banc\u00e1rias e \u00f4nibus municipais &#8211; um \u00f4nibus foi incendiado, mas ningu\u00e9m se feriu. A PM chegou a impedir que jornalistas acompanhassem a manifesta\u00e7\u00e3o, ap\u00f3s o primeiro confronto ocorrer no terminal Parque Dom Pedro, no centro.<\/p>\n<p>Este foi o terceiro protesto realizado em menos de uma semana contra o aumento da tarifa do \u00f4nibus, que subiu de R$ 3 para R$ 3,20, na capital paulista. Ao menos 20 pessoas foram detidas durante a manifesta\u00e7\u00e3o e tr\u00eas policiais militares foram feridos a pedradas. A PM, entretanto, n\u00e3o soube informar o n\u00famero de manifestantes feridos, mas v\u00e1rios jovens foram atingidos por balas de borracha e cassetetes.<\/p>\n<p>Integrantes do Movimento Passe Livre, que organiza o ato, convocaram a popula\u00e7\u00e3o para um novo protesto para a pr\u00f3xima quinta-feira (13), \u00e0s 17h. Nesta quarta-feira \u00e0 tarde, o grupo deve se reunir com representantes da Prefeitura de S\u00e3o Paulo para discutir o impasse.<\/p>\n<p><em>Fonte: Portal Terra<\/em><\/p>\n\n<div style=\"font-size: 0px; height: 0px; line-height: 0px; margin: 0; padding: 0; clear: both;\"><\/div>","protected":false},"excerpt":{"rendered":"<p>Dois jovens &#8211; um homem e uma mulher &#8211; foram atropelados, na noite dessa ter\u00e7a-feira, por um motorista que se irritou com o protesto contra o aumento da tarifa do \u00f4nibus em S\u00e3o Paulo. O atropelamento ocorreu por volta das 22h, quando um grupo de cerca de 100 manifestantes bloqueva a avenida Paulista, no sentido centro, na altura da rua Bela Cintra. Irritado com o bloqueio, o motorista que dirigia um Fiat Uno deu a r\u00e9 na pista e, em seguida, acelerou o ve\u00edculo sobre os manifestantes. Os dois estudantes atropelados n\u00e3o se feriram com gravidade e foram socorridos por <\/p>\n","protected":false},"author":1,"featured_media":0,"comment_status":"open","ping_status":"closed","sticky":false,"template":"","format":"standard","meta":{"footnotes":""},"categories":[6],"tags":[14],"class_list":["post-980","post","type-post","status-publish","format-standard","hentry","category-noticias-na-bela-vista","tag-bela-vista"],"aioseo_notices":[],"_links":{"self":[{"href":"https:\/\/www.encontrabelavista.com.br\/sobre\/wp-json\/wp\/v2\/posts\/980","targetHints":{"allow":["GET"]}}],"collection":[{"href":"https:\/\/www.encontrabelavista.com.br\/sobre\/wp-json\/wp\/v2\/posts"}],"about":[{"href":"https:\/\/www.encontrabelavista.com.br\/sobre\/wp-json\/wp\/v2\/types\/post"}],"author":[{"embeddable":true,"href":"https:\/\/www.encontrabelavista.com.br\/sobre\/wp-json\/wp\/v2\/users\/1"}],"replies":[{"embeddable":true,"href":"https:\/\/www.encontrabelavista.com.br\/sobre\/wp-json\/wp\/v2\/comments?post=980"}],"version-history":[{"count":0,"href":"https:\/\/www.encontrabelavista.com.br\/sobre\/wp-json\/wp\/v2\/posts\/980\/revisions"}],"wp:attachment":[{"href":"https:\/\/www.encontrabelavista.com.br\/sobre\/wp-json\/wp\/v2\/media?parent=980"}],"wp:term":[{"taxonomy":"category","embeddable":true,"href":"https:\/\/www.encontrabelavista.com.br\/sobre\/wp-json\/wp\/v2\/categories?post=980"},{"taxonomy":"post_tag","embeddable":true,"href":"https:\/\/www.encontrabelavista.com.br\/sobre\/wp-json\/wp\/v2\/tags?post=980"}],"curies":[{"name":"wp","href":"https:\/\/api.w.org\/{rel}","templated":true}]}}